{"id":1022,"date":"2020-04-16T21:29:43","date_gmt":"2020-04-16T19:29:43","guid":{"rendered":"https:\/\/entresemillas.com\/blog\/?p=1022"},"modified":"2020-06-01T11:00:45","modified_gmt":"2020-06-01T09:00:45","slug":"que-sembrar-en-abril-y-mayo-4-tipos-de-semillas-para-sembrar","status":"publish","type":"post","link":"https:\/\/entresemillas.com\/blog\/que-sembrar-en-abril-y-mayo-4-tipos-de-semillas-para-sembrar\/","title":{"rendered":"Qu\u00e9 sembrar en abril y mayo: 4 tipos de semillas para sembrar"},"content":{"rendered":"\r\n<p>Si est\u00e1s en el hemisferio norte, te queremos ofrecer varias <strong>ideas<\/strong> para saber qu\u00e9 podr\u00edas sembrar en abril y mayo. \u00a1Manos a la obra!<\/p>\r\n\r\n\r\n\r\n<h3 class=\"wp-block-heading\">&nbsp;<\/h3>\r\n\r\n\r\n\r\n<!--more-->\r\n\r\n\r\n<style>.wp-block-kadence-advancedheading.kt-adv-heading_5edf69-c9, .wp-block-kadence-advancedheading.kt-adv-heading_5edf69-c9[data-kb-block=\"kb-adv-heading_5edf69-c9\"]{font-style:normal;}.wp-block-kadence-advancedheading.kt-adv-heading_5edf69-c9 mark.kt-highlight, .wp-block-kadence-advancedheading.kt-adv-heading_5edf69-c9[data-kb-block=\"kb-adv-heading_5edf69-c9\"] mark.kt-highlight{font-style:normal;color:#f76a0c;-webkit-box-decoration-break:clone;box-decoration-break:clone;padding-top:0px;padding-right:0px;padding-bottom:0px;padding-left:0px;}.wp-block-kadence-advancedheading.kt-adv-heading_5edf69-c9 img.kb-inline-image, .wp-block-kadence-advancedheading.kt-adv-heading_5edf69-c9[data-kb-block=\"kb-adv-heading_5edf69-c9\"] img.kb-inline-image{width:150px;vertical-align:baseline;}<\/style>\r\n<h3 id=\"kt-adv-heading_5edf69-c9\" class=\"kt-adv-heading_5edf69-c9 wp-block-kadence-advancedheading\"><strong>Qu\u00e9 sembrar en abril<\/strong><\/h3>\r\n\r\n\r\n<style>.wp-block-kadence-advancedheading.kt-adv-heading_03804d-1d, .wp-block-kadence-advancedheading.kt-adv-heading_03804d-1d[data-kb-block=\"kb-adv-heading_03804d-1d\"]{font-style:normal;}.wp-block-kadence-advancedheading.kt-adv-heading_03804d-1d mark.kt-highlight, .wp-block-kadence-advancedheading.kt-adv-heading_03804d-1d[data-kb-block=\"kb-adv-heading_03804d-1d\"] mark.kt-highlight{font-style:normal;color:#f76a0c;-webkit-box-decoration-break:clone;box-decoration-break:clone;padding-top:0px;padding-right:0px;padding-bottom:0px;padding-left:0px;}.wp-block-kadence-advancedheading.kt-adv-heading_03804d-1d img.kb-inline-image, .wp-block-kadence-advancedheading.kt-adv-heading_03804d-1d[data-kb-block=\"kb-adv-heading_03804d-1d\"] img.kb-inline-image{width:150px;vertical-align:baseline;}<\/style>\r\n<h4 id=\"kt-adv-heading_03804d-1d\" class=\"kt-adv-heading_03804d-1d wp-block-kadence-advancedheading\"><a href=\"https:\/\/entresemillas.com\/hortalizas\/1037-zanahoria-roja-atomic-red-sobre-100-semillas.html\" target=\"_blank\" rel=\"noreferrer noopener\">Zanahoria roja &#8216;Atomic red&#8217; (<em>Daucus ssp.<\/em>)<\/a><\/h4>\r\n\r\n\r\n\r\n<figure class=\"wp-block-image\"><a href=\"https:\/\/entresemillas.com\/blog\/wp-content\/uploads\/2020\/04\/zanahoria-roja-atomic-red.jpg\"><img loading=\"lazy\" decoding=\"async\" width=\"300\" height=\"225\" src=\"https:\/\/entresemillas.com\/blog\/wp-content\/uploads\/2020\/04\/zanahoria-roja-atomic-red-300x225.jpg\" alt=\"zanahoria roja atomic red semillas\" class=\"wp-image-1025\" title=\"zanahorias rojas\" srcset=\"https:\/\/entresemillas.com\/blog\/wp-content\/uploads\/2020\/04\/zanahoria-roja-atomic-red-300x225.jpg 300w, https:\/\/entresemillas.com\/blog\/wp-content\/uploads\/2020\/04\/zanahoria-roja-atomic-red-1024x768.jpg 1024w, https:\/\/entresemillas.com\/blog\/wp-content\/uploads\/2020\/04\/zanahoria-roja-atomic-red-768x576.jpg 768w, https:\/\/entresemillas.com\/blog\/wp-content\/uploads\/2020\/04\/zanahoria-roja-atomic-red-1536x1152.jpg 1536w, https:\/\/entresemillas.com\/blog\/wp-content\/uploads\/2020\/04\/zanahoria-roja-atomic-red-2048x1536.jpg 2048w\" sizes=\"auto, (max-width: 300px) 100vw, 300px\" \/><\/a><\/figure>\r\n\r\n\r\n\r\n<p>Las zanahorias rojas &#8216;atomic red&#8217; es una variedad de las zanahorias rojas. Tienen largas ra\u00edces de color rojo brillante, ofrecen un excelente sabor y atractivo color cuando son cocinadas. Es una planta bienal cuyo tallo floral puede alcanzar los 10 cm y cuyas flores son blancas. En&nbsp;primavera&nbsp;empieza a formar una roseta de hojas, a la vez que va creciendo la ra\u00edz napiforme.<\/p>\r\n\r\n\r\n\r\n<p>Sembrar: a 6 mm dentro de tierra f\u00e9rtil humedecida que libere el agua f\u00e1cilmente y no se estanque.<\/p>\r\n\r\n\r\n\r\n<p>Distancia de sembrado: unos 7 cm.<\/p>\r\n\r\n\r\n\r\n<p>Luz solar: semisombra y sol.<\/p>\r\n\r\n\r\n\r\n<p>Riego: mantener la tierra h\u00fameda durante la germinaci\u00f3n.<\/p>\r\n\r\n\r\n\r\n<p>Tiempo de germinaci\u00f3n: germinan entre 10 a 18 d\u00edas, normalmente alrededor del d\u00eda 14.<\/p>\r\n\r\n\r\n\r\n<p>D\u00edas para recolecci\u00f3n: de 60 a 85 d\u00edas. Se recolectan una vez consiguen su m\u00e1ximo color rojo caracter\u00edstico de la especie.<\/p>\r\n\r\n\r\n<style>.wp-block-kadence-advancedheading.kt-adv-heading_8f93fc-d9, .wp-block-kadence-advancedheading.kt-adv-heading_8f93fc-d9[data-kb-block=\"kb-adv-heading_8f93fc-d9\"]{font-style:normal;}.wp-block-kadence-advancedheading.kt-adv-heading_8f93fc-d9 mark.kt-highlight, .wp-block-kadence-advancedheading.kt-adv-heading_8f93fc-d9[data-kb-block=\"kb-adv-heading_8f93fc-d9\"] mark.kt-highlight{font-style:normal;color:#f76a0c;-webkit-box-decoration-break:clone;box-decoration-break:clone;padding-top:0px;padding-right:0px;padding-bottom:0px;padding-left:0px;}.wp-block-kadence-advancedheading.kt-adv-heading_8f93fc-d9 img.kb-inline-image, .wp-block-kadence-advancedheading.kt-adv-heading_8f93fc-d9[data-kb-block=\"kb-adv-heading_8f93fc-d9\"] img.kb-inline-image{width:150px;vertical-align:baseline;}<\/style>\r\n<h4 id=\"kt-adv-heading_8f93fc-d9\" class=\"kt-adv-heading_8f93fc-d9 wp-block-kadence-advancedheading\"><a href=\"https:\/\/entresemillas.com\/aromaticas-medicinales\/16-menta-piperita-semillas.html\" target=\"_blank\" rel=\"noreferrer noopener\">Menta piperita (<em>Mentha piperita<\/em>)<\/a><\/h4>\r\n\r\n\r\n\r\n<figure class=\"wp-block-image\"><a href=\"https:\/\/entresemillas.com\/blog\/wp-content\/uploads\/2020\/04\/menta-piperita-semillas.jpg\"><img loading=\"lazy\" decoding=\"async\" width=\"300\" height=\"300\" src=\"https:\/\/entresemillas.com\/blog\/wp-content\/uploads\/2020\/04\/menta-piperita-semillas-300x300.jpg\" alt=\"sembrar menta piperita\" class=\"wp-image-1027\" srcset=\"https:\/\/entresemillas.com\/blog\/wp-content\/uploads\/2020\/04\/menta-piperita-semillas-300x300.jpg 300w, https:\/\/entresemillas.com\/blog\/wp-content\/uploads\/2020\/04\/menta-piperita-semillas-150x150.jpg 150w, https:\/\/entresemillas.com\/blog\/wp-content\/uploads\/2020\/04\/menta-piperita-semillas-768x768.jpg 768w, https:\/\/entresemillas.com\/blog\/wp-content\/uploads\/2020\/04\/menta-piperita-semillas.jpg 800w\" sizes=\"auto, (max-width: 300px) 100vw, 300px\" \/><\/a><\/figure>\r\n\r\n\r\n\r\n<p>Es el sabor m\u00e1s utilizado para dulces, chicles, helados, caramelos y otras preparaciones de pasteler\u00eda con sabor a menta. Tambi\u00e9n se usa para darle un toque fresco a las ensaladas, sopas y otros platos. Tambi\u00e9n se la conoce como piperita, monte yuyo o toronjil de menta.<\/p>\r\n\r\n\r\n\r\n<p>Sembrar: espolvorea las semillas sobre tierra preparada con alg\u00fan fertilizante de uso general que tenga una ph de 6.5 &#8211; 7.0 preferiblemente.<\/p>\r\n\r\n\r\n\r\n<p>Distancia de sembrado: unos 15 cm.<\/p>\r\n\r\n\r\n\r\n<p>Luz solar: sol y semisombra.<\/p>\r\n\r\n\r\n\r\n<p>Riego: mantener la tierra h\u00fameda o incluso empapada seg\u00fan condiciones de temperatura.<\/p>\r\n\r\n\r\n\r\n<p>Tiempo de germinaci\u00f3n: alrededor de 15 d\u00edas de germinaci\u00f3n.<\/p>\r\n\r\n\r\n\r\n<p>D\u00edas para recolecci\u00f3n\/maduraci\u00f3n: 90 d\u00edas aproximadamente.<\/p>\r\n\r\n\r\n<style>.wp-block-kadence-advancedheading.kt-adv-heading_0c80b4-ac, .wp-block-kadence-advancedheading.kt-adv-heading_0c80b4-ac[data-kb-block=\"kb-adv-heading_0c80b4-ac\"]{font-style:normal;}.wp-block-kadence-advancedheading.kt-adv-heading_0c80b4-ac mark.kt-highlight, .wp-block-kadence-advancedheading.kt-adv-heading_0c80b4-ac[data-kb-block=\"kb-adv-heading_0c80b4-ac\"] mark.kt-highlight{font-style:normal;color:#f76a0c;-webkit-box-decoration-break:clone;box-decoration-break:clone;padding-top:0px;padding-right:0px;padding-bottom:0px;padding-left:0px;}.wp-block-kadence-advancedheading.kt-adv-heading_0c80b4-ac img.kb-inline-image, .wp-block-kadence-advancedheading.kt-adv-heading_0c80b4-ac[data-kb-block=\"kb-adv-heading_0c80b4-ac\"] img.kb-inline-image{width:150px;vertical-align:baseline;}<\/style>\r\n<h3 id=\"kt-adv-heading_0c80b4-ac\" class=\"kt-adv-heading_0c80b4-ac wp-block-kadence-advancedheading\"><strong>Qu\u00e9 sembrar en mayo<\/strong><\/h3>\r\n\r\n\r\n<style>.wp-block-kadence-advancedheading.kt-adv-heading_d428f6-0c, .wp-block-kadence-advancedheading.kt-adv-heading_d428f6-0c[data-kb-block=\"kb-adv-heading_d428f6-0c\"]{font-style:normal;}.wp-block-kadence-advancedheading.kt-adv-heading_d428f6-0c mark.kt-highlight, .wp-block-kadence-advancedheading.kt-adv-heading_d428f6-0c[data-kb-block=\"kb-adv-heading_d428f6-0c\"] mark.kt-highlight{font-style:normal;color:#f76a0c;-webkit-box-decoration-break:clone;box-decoration-break:clone;padding-top:0px;padding-right:0px;padding-bottom:0px;padding-left:0px;}.wp-block-kadence-advancedheading.kt-adv-heading_d428f6-0c img.kb-inline-image, .wp-block-kadence-advancedheading.kt-adv-heading_d428f6-0c[data-kb-block=\"kb-adv-heading_d428f6-0c\"] img.kb-inline-image{width:150px;vertical-align:baseline;}<\/style>\r\n<h4 id=\"kt-adv-heading_d428f6-0c\" class=\"kt-adv-heading_d428f6-0c wp-block-kadence-advancedheading\"><a href=\"https:\/\/entresemillas.com\/hortalizas\/1028-calabacin-luna-sobre-8-semillas.html\" target=\"_blank\" rel=\"noreferrer noopener\">Calabac\u00edn luna (<em>Cucurbita pepo &#8216;Luna&#8217;<\/em>)<\/a><\/h4>\r\n\r\n\r\n\r\n<figure class=\"wp-block-image\"><a href=\"https:\/\/entresemillas.com\/blog\/wp-content\/uploads\/2020\/04\/calabacin-luna-sobre-8-semillas-e1587056864716.jpg\"><img loading=\"lazy\" decoding=\"async\" width=\"300\" height=\"231\" src=\"https:\/\/entresemillas.com\/blog\/wp-content\/uploads\/2020\/04\/calabacin-luna-sobre-8-semillas-e1587056864716-300x231.jpg\" alt=\"calabac\u00edn luna sembrar\" class=\"wp-image-1030\" title=\"calabac\u00edn luna\" srcset=\"https:\/\/entresemillas.com\/blog\/wp-content\/uploads\/2020\/04\/calabacin-luna-sobre-8-semillas-e1587056864716-300x231.jpg 300w, https:\/\/entresemillas.com\/blog\/wp-content\/uploads\/2020\/04\/calabacin-luna-sobre-8-semillas-e1587056864716.jpg 468w\" sizes=\"auto, (max-width: 300px) 100vw, 300px\" \/><\/a><\/figure>\r\n\r\n\r\n\r\n<p>El calabac\u00edn luna o calabac\u00edn redondo es ideal para comerlo frito en revueltos, hervido para cremas, a la plancha como acompa\u00f1amiento o al vapor en ensaladas.<\/p>\r\n\r\n\r\n\r\n<p>Sembrar: sembrar a unos 13 mm en tierra c\u00e1lida con un ph ligeramente \u00e1cido.<\/p>\r\n\r\n\r\n\r\n<p>Distancia de sembrado: unos 90 cm.<\/p>\r\n\r\n\r\n\r\n<p>Luz solar: sol.<\/p>\r\n\r\n\r\n\r\n<p>Riego: mantener la tierra h\u00fameda, pero sin encharcar.<\/p>\r\n\r\n\r\n\r\n<p>Tiempo de germinaci\u00f3n: alrededor de 10 d\u00edas de germinaci\u00f3n.<\/p>\r\n\r\n\r\n\r\n<p>D\u00edas para recolecci\u00f3n\/maduraci\u00f3n: 50-65 d\u00edas aproximadamente.<\/p>\r\n\r\n\r\n<style>.wp-block-kadence-advancedheading.kt-adv-heading_29f081-a6, .wp-block-kadence-advancedheading.kt-adv-heading_29f081-a6[data-kb-block=\"kb-adv-heading_29f081-a6\"]{font-style:normal;}.wp-block-kadence-advancedheading.kt-adv-heading_29f081-a6 mark.kt-highlight, .wp-block-kadence-advancedheading.kt-adv-heading_29f081-a6[data-kb-block=\"kb-adv-heading_29f081-a6\"] mark.kt-highlight{font-style:normal;color:#f76a0c;-webkit-box-decoration-break:clone;box-decoration-break:clone;padding-top:0px;padding-right:0px;padding-bottom:0px;padding-left:0px;}.wp-block-kadence-advancedheading.kt-adv-heading_29f081-a6 img.kb-inline-image, .wp-block-kadence-advancedheading.kt-adv-heading_29f081-a6[data-kb-block=\"kb-adv-heading_29f081-a6\"] img.kb-inline-image{width:150px;vertical-align:baseline;}<\/style>\r\n<h4 id=\"kt-adv-heading_29f081-a6\" class=\"kt-adv-heading_29f081-a6 wp-block-kadence-advancedheading\"><a href=\"https:\/\/entresemillas.com\/hortalizas\/787-cebollino-sobre-200-semillas.html\">Cebollino (<em>Allium schoenoprasum<\/em>)<\/a><\/h4>\r\n\r\n\r\n\r\n<figure class=\"wp-block-image\"><a href=\"https:\/\/entresemillas.com\/blog\/wp-content\/uploads\/2020\/04\/cebollino-sobre-200-semillas.jpg\"><img loading=\"lazy\" decoding=\"async\" width=\"300\" height=\"300\" src=\"https:\/\/entresemillas.com\/blog\/wp-content\/uploads\/2020\/04\/cebollino-sobre-200-semillas-300x300.jpg\" alt=\"cebollino sembrar semillas\" class=\"wp-image-1031\" title=\"cebollino planta\" srcset=\"https:\/\/entresemillas.com\/blog\/wp-content\/uploads\/2020\/04\/cebollino-sobre-200-semillas-300x300.jpg 300w, https:\/\/entresemillas.com\/blog\/wp-content\/uploads\/2020\/04\/cebollino-sobre-200-semillas-150x150.jpg 150w, https:\/\/entresemillas.com\/blog\/wp-content\/uploads\/2020\/04\/cebollino-sobre-200-semillas-768x768.jpg 768w, https:\/\/entresemillas.com\/blog\/wp-content\/uploads\/2020\/04\/cebollino-sobre-200-semillas.jpg 800w\" sizes=\"auto, (max-width: 300px) 100vw, 300px\" \/><\/a><\/figure>\r\n\r\n\r\n\r\n<p>Adem\u00e1s de presentar magn\u00edficas flores de color lila, el cebollino, cebolla de hoja o cebolleta es una hierba arom\u00e1tica cuya siembra es ideal para macetas peque\u00f1as, adem\u00e1s de ser muy resistente y f\u00e1cil de cultivar. Su sabor es parecido al de la cebolla blanca, por lo que es usada en cremas, revueltos o pescado.<\/p>\r\n\r\n\r\n\r\n<p>Sembrar: sembrar a unos 6 mm en sustrato preparado para semilleros con fertilizante de uso general.<\/p>\r\n\r\n\r\n\r\n<p>Distancia de sembrado: unos 15 cm, unas dos semillas por cada casillero.<\/p>\r\n\r\n\r\n\r\n<p>Luz solar: sol y semisombra.<\/p>\r\n\r\n\r\n\r\n<p>Riego: regar cada dos d\u00edas.<\/p>\r\n\r\n\r\n\r\n<p>Tiempo de germinaci\u00f3n: alrededor de 15 d\u00edas de germinaci\u00f3n.<\/p>\r\n\r\n\r\n\r\n<p>D\u00edas para recolecci\u00f3n\/maduraci\u00f3n: cosechar a lo largo de la temporada, cortando a un cm del nivel de la tierra.<\/p>\r\n\r\n\r\n\r\n<p>Estas son s\u00f3lo<strong> ideas para sembrar<\/strong>, pero <strong>recuerda <\/strong>que ahora es un buen momento para sembrar tomates, pimientos y berenjenas, y no te olvides de los cultivos que puedes sembrar todo el a\u00f1o como acelgas, espinacas, lechugas, puerro, remolacha o r\u00facula.Tambi\u00e9n tienes m\u00e1s ideas en la siguiente imagen: <\/p>\r\n\r\n\r\n\r\n<figure class=\"wp-block-embed-instagram wp-block-embed is-type-rich is-provider-instagram\"><div class=\"wp-block-embed__wrapper\">\r\nhttps:\/\/www.instagram.com\/p\/B_uhjERiETi\/\r\n<\/div><\/figure>\r\n\r\n\r\n\r\n<p>Comparte que piensas sembrar este mes de <strong>abril <\/strong>o el pr\u00f3ximo <strong>mayo<\/strong>. Nos encantar\u00eda escuchar m\u00e1s ideas, experiencias y opiniones. Muchas gracias por pasarte por nuestro blog, esperamos que nos visites en el pr\u00f3ximo.<\/p>\r\n\r\n\r\n\r\n<div class=\"wp-block-group\"><div class=\"wp-block-group__inner-container is-layout-flow wp-block-group-is-layout-flow\">\r\n<hr class=\"wp-block-separator\"\/>\r\n\r\n\r\n<style>.wp-block-kadence-advancedheading.kt-adv-heading_df37e9-1e, .wp-block-kadence-advancedheading.kt-adv-heading_df37e9-1e[data-kb-block=\"kb-adv-heading_df37e9-1e\"]{margin-top:60px;text-align:center;font-style:normal;}.wp-block-kadence-advancedheading.kt-adv-heading_df37e9-1e mark.kt-highlight, .wp-block-kadence-advancedheading.kt-adv-heading_df37e9-1e[data-kb-block=\"kb-adv-heading_df37e9-1e\"] mark.kt-highlight{font-style:normal;color:#f76a0c;-webkit-box-decoration-break:clone;box-decoration-break:clone;padding-top:0px;padding-right:0px;padding-bottom:0px;padding-left:0px;}.wp-block-kadence-advancedheading.kt-adv-heading_df37e9-1e img.kb-inline-image, .wp-block-kadence-advancedheading.kt-adv-heading_df37e9-1e[data-kb-block=\"kb-adv-heading_df37e9-1e\"] img.kb-inline-image{width:150px;vertical-align:baseline;}<\/style>\r\n<h3 id=\"kt-adv-heading_df37e9-1e\" class=\"kt-adv-heading_df37e9-1e wp-block-kadence-advancedheading\" style=\"text-align:center;margin-top:60px\">Productos relacionados<\/h3>\r\n\r\n\r\n\r\n<hr class=\"wp-block-separator\"\/>\r\n<\/div><\/div>\r\n\r\n\r\n\n<div class=\"wp-block-group is-layout-flow wp-block-group-is-layout-flow\"><style>.wp-block-kadence-advancedheading.kt-adv-heading_1ee4eb-5a, .wp-block-kadence-advancedheading.kt-adv-heading_1ee4eb-5a[data-kb-block=\"kb-adv-heading_1ee4eb-5a\"]{text-align:center;font-size:32px;font-weight:bold;font-style:normal;}.wp-block-kadence-advancedheading.kt-adv-heading_1ee4eb-5a mark.kt-highlight, .wp-block-kadence-advancedheading.kt-adv-heading_1ee4eb-5a[data-kb-block=\"kb-adv-heading_1ee4eb-5a\"] mark.kt-highlight{font-weight:normal;font-style:normal;color:#f76a0c;-webkit-box-decoration-break:clone;box-decoration-break:clone;padding-top:0px;padding-right:0px;padding-bottom:0px;padding-left:0px;}.wp-block-kadence-advancedheading.kt-adv-heading_1ee4eb-5a img.kb-inline-image, .wp-block-kadence-advancedheading.kt-adv-heading_1ee4eb-5a[data-kb-block=\"kb-adv-heading_1ee4eb-5a\"] img.kb-inline-image{width:150px;vertical-align:baseline;}<\/style>\n<h2 class=\"kt-adv-heading_1ee4eb-5a wp-block-kadence-advancedheading has-vivid-red-color has-text-color\" data-kb-block=\"kb-adv-heading_1ee4eb-5a\"><strong>\u00daltimos art\u00edculos<\/strong><\/h2>\n\n\n<\/div>\n","protected":false},"excerpt":{"rendered":"<p>Si est\u00e1s en el hemisferio norte, te queremos ofrecer varias ideas para saber qu\u00e9 podr\u00edas sembrar en abril y mayo. [&hellip;]<\/p>\n","protected":false},"author":1,"featured_media":1239,"comment_status":"open","ping_status":"closed","sticky":false,"template":"","format":"standard","meta":{"site-sidebar-layout":"default","site-content-layout":"","ast-site-content-layout":"default","site-content-style":"default","site-sidebar-style":"default","ast-global-header-display":"","ast-banner-title-visibility":"","ast-main-header-display":"","ast-hfb-above-header-display":"","ast-hfb-below-header-display":"","ast-hfb-mobile-header-display":"","site-post-title":"","ast-breadcrumbs-content":"","ast-featured-img":"","footer-sml-layout":"","ast-disable-related-posts":"","theme-transparent-header-meta":"","adv-header-id-meta":"","stick-header-meta":"","header-above-stick-meta":"","header-main-stick-meta":"","header-below-stick-meta":"","astra-migrate-meta-layouts":"default","ast-page-background-enabled":"default","ast-page-background-meta":{"desktop":{"background-color":"var(--ast-global-color-5)","background-image":"","background-repeat":"repeat","background-position":"center center","background-size":"auto","background-attachment":"scroll","background-type":"","background-media":"","overlay-type":"","overlay-color":"","overlay-opacity":"","overlay-gradient":""},"tablet":{"background-color":"","background-image":"","background-repeat":"repeat","background-position":"center center","background-size":"auto","background-attachment":"scroll","background-type":"","background-media":"","overlay-type":"","overlay-color":"","overlay-opacity":"","overlay-gradient":""},"mobile":{"background-color":"","background-image":"","background-repeat":"repeat","background-position":"center center","background-size":"auto","background-attachment":"scroll","background-type":"","background-media":"","overlay-type":"","overlay-color":"","overlay-opacity":"","overlay-gradient":""}},"ast-content-background-meta":{"desktop":{"background-color":"var(--ast-global-color-4)","background-image":"","background-repeat":"repeat","background-position":"center center","background-size":"auto","background-attachment":"scroll","background-type":"","background-media":"","overlay-type":"","overlay-color":"","overlay-opacity":"","overlay-gradient":""},"tablet":{"background-color":"var(--ast-global-color-4)","background-image":"","background-repeat":"repeat","background-position":"center center","background-size":"auto","background-attachment":"scroll","background-type":"","background-media":"","overlay-type":"","overlay-color":"","overlay-opacity":"","overlay-gradient":""},"mobile":{"background-color":"var(--ast-global-color-4)","background-image":"","background-repeat":"repeat","background-position":"center center","background-size":"auto","background-attachment":"scroll","background-type":"","background-media":"","overlay-type":"","overlay-color":"","overlay-opacity":"","overlay-gradient":""}},"footnotes":""},"categories":[3,28],"tags":[93,91,90,94,95,89,86,87,88,92],"class_list":["post-1022","post","type-post","status-publish","format-standard","has-post-thumbnail","hentry","category-como-cultivar","category-germinacion","tag-atomic-red-carrot","tag-calabacin-luna","tag-cebollino","tag-menta","tag-menta-piperita","tag-que-sembrar","tag-sembrar","tag-sembrar-abril","tag-sembrar-mayo","tag-zanahoria-roja"],"_links":{"self":[{"href":"https:\/\/entresemillas.com\/blog\/wp-json\/wp\/v2\/posts\/1022","targetHints":{"allow":["GET"]}}],"collection":[{"href":"https:\/\/entresemillas.com\/blog\/wp-json\/wp\/v2\/posts"}],"about":[{"href":"https:\/\/entresemillas.com\/blog\/wp-json\/wp\/v2\/types\/post"}],"author":[{"embeddable":true,"href":"https:\/\/entresemillas.com\/blog\/wp-json\/wp\/v2\/users\/1"}],"replies":[{"embeddable":true,"href":"https:\/\/entresemillas.com\/blog\/wp-json\/wp\/v2\/comments?post=1022"}],"version-history":[{"count":20,"href":"https:\/\/entresemillas.com\/blog\/wp-json\/wp\/v2\/posts\/1022\/revisions"}],"predecessor-version":[{"id":2227,"href":"https:\/\/entresemillas.com\/blog\/wp-json\/wp\/v2\/posts\/1022\/revisions\/2227"}],"wp:featuredmedia":[{"embeddable":true,"href":"https:\/\/entresemillas.com\/blog\/wp-json\/wp\/v2\/media\/1239"}],"wp:attachment":[{"href":"https:\/\/entresemillas.com\/blog\/wp-json\/wp\/v2\/media?parent=1022"}],"wp:term":[{"taxonomy":"category","embeddable":true,"href":"https:\/\/entresemillas.com\/blog\/wp-json\/wp\/v2\/categories?post=1022"},{"taxonomy":"post_tag","embeddable":true,"href":"https:\/\/entresemillas.com\/blog\/wp-json\/wp\/v2\/tags?post=1022"}],"curies":[{"name":"wp","href":"https:\/\/api.w.org\/{rel}","templated":true}]}}