{"id":3185,"date":"2021-07-26T13:33:43","date_gmt":"2021-07-26T11:33:43","guid":{"rendered":"https:\/\/entresemillas.com\/blog\/?p=3185"},"modified":"2026-02-07T16:18:59","modified_gmt":"2026-02-07T15:18:59","slug":"semillas-de-flores-que-aun-puedes-sembrar-en-verano","status":"publish","type":"post","link":"https:\/\/entresemillas.com\/blog\/semillas-de-flores-que-aun-puedes-sembrar-en-verano\/","title":{"rendered":"Semillas de flores que a\u00fan puedes sembrar en verano"},"content":{"rendered":"\n<p>La siembra de semillas no se acab\u00f3 en primavera, en verano hay muchas semillas que a\u00fan puedes sembrar. Algunas especies crecer\u00e1n r\u00e1pido y producir\u00e1n flores en poco tiempo, a finales del verano y en oto\u00f1o. Otras se ir\u00e1n desarrollado poco a poco y florecer\u00e1n en invierno o en primavera.<\/p>\n\n\n\n<!--more-->\n\n\n\n<p>Es importante conocer el clima o el microclima en el que vivimos, porque podr\u00eda tener particularidades que faciliten o dificulten el crecimiento de seg\u00fan que plantas con flores, teniendo que ayudar a algunas con protecci\u00f3n para las temperaturas o un mayor o menor riego.<\/p>\n\n\n\n<h2 class=\"wp-block-heading\">Beneficios de sembrar semillas de flores en verano:<\/h2>\n\n\n<style>.wp-block-kadence-iconlist.kt-svg-icon-list-items_b59358-93:not(.this-stops-third-party-issues){margin-top:0px;margin-bottom:0px;}.wp-block-kadence-iconlist.kt-svg-icon-list-items_b59358-93 ul.kt-svg-icon-list:not(.this-prevents-issues):not(.this-stops-third-party-issues):not(.tijsloc){margin-top:0px;margin-right:0px;margin-bottom:var(--global-kb-spacing-sm, 1.5rem);margin-left:0px;}.wp-block-kadence-iconlist.kt-svg-icon-list-items_b59358-93 ul.kt-svg-icon-list{grid-row-gap:5px;}.wp-block-kadence-iconlist.kt-svg-icon-list-items_b59358-93 ul.kt-svg-icon-list .kt-svg-icon-list-item-wrap .kt-svg-icon-list-single{margin-right:10px;}.kt-svg-icon-list-items_b59358-93 ul.kt-svg-icon-list .kt-svg-icon-list-level-0 .kt-svg-icon-list-single svg{font-size:20px;}.kt-svg-icon-list-items_b59358-93 ul.kt-svg-icon-list .kt-svg-icon-list-level-1 .kt-svg-icon-list-single svg{font-size:20px;}.kt-svg-icon-list-items_b59358-93 ul.kt-svg-icon-list .kt-svg-icon-list-level-2 .kt-svg-icon-list-single svg{font-size:20px;}.kt-svg-icon-list-items_b59358-93 ul.kt-svg-icon-list .kt-svg-icon-list-level-3 .kt-svg-icon-list-single svg{font-size:20px;}.kt-svg-icon-list-items_b59358-93 ul.kt-svg-icon-list .kt-svg-icon-list-level-4 .kt-svg-icon-list-single svg{font-size:20px;}<\/style>\n<div class=\"wp-block-kadence-iconlist kt-svg-icon-list-items kt-svg-icon-list-items_b59358-93 kt-svg-icon-list-columns-1 alignnone\"><ul class=\"kt-svg-icon-list\"><li class=\"kt-svg-icon-list-style-default kt-svg-icon-list-item-wrap kt-svg-icon-list-item-0\"><div style=\"display:inline-flex;justify-content:center;align-items:center;color:#81c14b\" class=\"kt-svg-icon-list-single kt-svg-icon-list-single-fe_checkCircle\"><svg style=\"display:inline-block;vertical-align:middle\" viewbox=\"0 0 24 24\" height=\"20\" width=\"20\" fill=\"none\" stroke=\"currentColor\" xmlns=\"http:\/\/www.w3.org\/2000\/svg\" stroke-width=\"2\" stroke-linecap=\"round\" stroke-linejoin=\"round\"><path d=\"M22 11.08V12a10 10 0 1 1-5.93-9.14\"><\/path><polyline points=\"22 4 12 14.01 9 11.01\"><\/polyline><\/svg><\/div><span class=\"kt-svg-icon-list-text\">Tendr\u00e1s flores a finales del verano y en oto\u00f1o, antes de que llegue el fr\u00edo, lo que hace tu espacio un lugar m\u00e1s atractivo visualmente<\/span><\/li><li class=\"kt-svg-icon-list-style-default kt-svg-icon-list-item-wrap kt-svg-icon-list-item-1\"><div style=\"display:inline-flex;justify-content:center;align-items:center;color:#81c14b\" class=\"kt-svg-icon-list-single kt-svg-icon-list-single-fe_checkCircle\"><svg style=\"display:inline-block;vertical-align:middle\" viewbox=\"0 0 24 24\" height=\"20\" width=\"20\" fill=\"none\" stroke=\"currentColor\" xmlns=\"http:\/\/www.w3.org\/2000\/svg\" stroke-width=\"2\" stroke-linecap=\"round\" stroke-linejoin=\"round\"><path d=\"M22 11.08V12a10 10 0 1 1-5.93-9.14\"><\/path><polyline points=\"22 4 12 14.01 9 11.01\"><\/polyline><\/svg><\/div><span class=\"kt-svg-icon-list-text\">Aumentar\u00e1 la biodiversidad de tu jard\u00edn<\/span><\/li><li class=\"kt-svg-icon-list-style-default kt-svg-icon-list-item-wrap kt-svg-icon-list-item-2\"><div style=\"display:inline-flex;justify-content:center;align-items:center;color:#81c14b\" class=\"kt-svg-icon-list-single kt-svg-icon-list-single-fe_checkCircle\"><svg style=\"display:inline-block;vertical-align:middle\" viewbox=\"0 0 24 24\" height=\"20\" width=\"20\" fill=\"none\" stroke=\"currentColor\" xmlns=\"http:\/\/www.w3.org\/2000\/svg\" stroke-width=\"2\" stroke-linecap=\"round\" stroke-linejoin=\"round\"><path d=\"M22 11.08V12a10 10 0 1 1-5.93-9.14\"><\/path><polyline points=\"22 4 12 14.01 9 11.01\"><\/polyline><\/svg><\/div><span class=\"kt-svg-icon-list-text\">Si las flores son comestibles o son plantas arom\u00e1ticas o medicinales, tendr\u00e1s para cosechar durante un largo periodo<\/span><\/li><li class=\"kt-svg-icon-list-style-default kt-svg-icon-list-item-wrap kt-svg-icon-list-item-3\"><div style=\"display:inline-flex;justify-content:center;align-items:center;color:#81c14b\" class=\"kt-svg-icon-list-single kt-svg-icon-list-single-fe_checkCircle\"><svg style=\"display:inline-block;vertical-align:middle\" viewbox=\"0 0 24 24\" height=\"20\" width=\"20\" fill=\"none\" stroke=\"currentColor\" xmlns=\"http:\/\/www.w3.org\/2000\/svg\" stroke-width=\"2\" stroke-linecap=\"round\" stroke-linejoin=\"round\"><path d=\"M22 11.08V12a10 10 0 1 1-5.93-9.14\"><\/path><polyline points=\"22 4 12 14.01 9 11.01\"><\/polyline><\/svg><\/div><span class=\"kt-svg-icon-list-text\">La fauna silvestre tendr\u00e1 flores a su disposici\u00f3n para polinizar todo el a\u00f1o<\/span><\/li><li class=\"kt-svg-icon-list-style-default kt-svg-icon-list-item-wrap kt-svg-icon-list-item-4\"><div style=\"display:inline-flex;justify-content:center;align-items:center;color:#81c14b\" class=\"kt-svg-icon-list-single kt-svg-icon-list-single-fe_checkCircle\"><svg style=\"display:inline-block;vertical-align:middle\" viewbox=\"0 0 24 24\" height=\"20\" width=\"20\" fill=\"none\" stroke=\"currentColor\" xmlns=\"http:\/\/www.w3.org\/2000\/svg\" stroke-width=\"2\" stroke-linecap=\"round\" stroke-linejoin=\"round\"><path d=\"M22 11.08V12a10 10 0 1 1-5.93-9.14\"><\/path><polyline points=\"22 4 12 14.01 9 11.01\"><\/polyline><\/svg><\/div><span class=\"kt-svg-icon-list-text\">Si adem\u00e1s son plantas perennes, requerir\u00e1n menor mantenimiento<\/span><\/li><\/ul><\/div>\n\n\n\n<h2 class=\"wp-block-heading\">Flores de crecimiento r\u00e1pido para sembrar en verano (flores anuales):<\/h2>\n\n\n\n<p>Aunque las flores anuales solo florecen durante una temporada, muchas de ellas se auto siembran solas muy f\u00e1cil o producen muchas semillas para recolectar y sembrar al a\u00f1o siguiente.<\/p>\n\n\n\n<p>Se pueden sembrar semillas de flores en macetas, en una zona dedicada solo para ellas, o combinarlas con las siembras del huerto, y ambas saldr\u00e1n beneficiadas. Las plantas con flores atraer\u00e1n la vida silvestre y ayudar\u00e1n al control de las plantas.<\/p>\n\n\n\n<h3 class=\"wp-block-heading\">Amaranto<\/h3>\n\n\n\n<div class=\"wp-block-ugb-image-box ugb-image-box ugb-1cb2151 ugb-image-box--v4 ugb-image-box--columns-1 ugb-image-box--design-basic ugb-main-block\"><style>.ugb-1cb2151 .ugb-image-box__item1 .ugb-image-box__image{background-image:url(https:\/\/entresemillas.com\/blog\/wp-content\/uploads\/2021\/07\/amaranto-semillas-flores-verano.jpg)}<\/style><div class=\"ugb-inner-block\"><div class=\"ugb-block-content\"><div class=\"ugb-image-box__item ugb-image-box__item1 ugb-image-box__box\"><div class=\"ugb-image-box__box ugb-image-box__image-wrapper\"><div class=\"ugb-image-box__box ugb-image-box__image\" role=\"img\" aria-label=\"\"><\/div><\/div><div class=\"ugb-image-box__content\"><\/div><\/div><\/div><\/div><\/div>\n\n\n\n<h3 class=\"wp-block-heading\">Azulejo<\/h3>\n\n\n\n<div class=\"wp-block-ugb-image-box ugb-image-box ugb-e96174d ugb-image-box--v4 ugb-image-box--columns-3 ugb-image-box--design-basic ugb-main-block\"><style>.ugb-e96174d .ugb-image-box__item1 .ugb-image-box__image{background-image:url(https:\/\/entresemillas.com\/blog\/wp-content\/uploads\/2021\/07\/azulejo-azul-semillas-en-verano.jpg)}.ugb-e96174d .ugb-image-box__item2 .ugb-image-box__image{background-image:url(https:\/\/entresemillas.com\/blog\/wp-content\/uploads\/2021\/07\/azulejo-rosa-semillas-en-verano.jpg)}.ugb-e96174d .ugb-image-box__item3 .ugb-image-box__image{background-image:url(https:\/\/entresemillas.com\/blog\/wp-content\/uploads\/2021\/07\/azulejo-blanco-semillas-en-verano-1024x768.jpg)}<\/style><div class=\"ugb-inner-block\"><div class=\"ugb-block-content\"><div class=\"ugb-image-box__item ugb-image-box__item1 ugb-image-box__box\"><div class=\"ugb-image-box__box ugb-image-box__image-wrapper\"><div class=\"ugb-image-box__box ugb-image-box__image\" role=\"img\" aria-label=\"\"><\/div><\/div><div class=\"ugb-image-box__content\"><\/div><\/div><div class=\"ugb-image-box__item ugb-image-box__item2 ugb-image-box__box\"><div class=\"ugb-image-box__box ugb-image-box__image-wrapper\"><div class=\"ugb-image-box__box ugb-image-box__image\" role=\"img\" aria-label=\"\"><\/div><\/div><div class=\"ugb-image-box__content\"><\/div><\/div><div class=\"ugb-image-box__item ugb-image-box__item3 ugb-image-box__box\"><div class=\"ugb-image-box__box ugb-image-box__image-wrapper\"><div class=\"ugb-image-box__box ugb-image-box__image\" role=\"img\" aria-label=\"\"><\/div><\/div><div class=\"ugb-image-box__content\"><\/div><\/div><\/div><\/div><\/div>\n\n\n\n<h3 class=\"wp-block-heading\">Cal\u00e9ndula<\/h3>\n\n\n\n<div class=\"wp-block-ugb-image-box ugb-image-box ugb-a274dd3 ugb-image-box--v4 ugb-image-box--columns-1 ugb-image-box--design-basic ugb-main-block\"><style>.ugb-a274dd3 .ugb-image-box__item1 .ugb-image-box__image{background-image:url(https:\/\/entresemillas.com\/blog\/wp-content\/uploads\/2021\/07\/calendula-sembrar-semillas-en-verano.jpg)}<\/style><div class=\"ugb-inner-block\"><div class=\"ugb-block-content\"><div class=\"ugb-image-box__item ugb-image-box__item1 ugb-image-box__box\"><div class=\"ugb-image-box__box ugb-image-box__image-wrapper\"><div class=\"ugb-image-box__box ugb-image-box__image\" role=\"img\" aria-label=\"\"><\/div><\/div><div class=\"ugb-image-box__content\"><\/div><\/div><\/div><\/div><\/div>\n\n\n\n<h3 class=\"wp-block-heading\">Capuchina<\/h3>\n\n\n\n<div class=\"wp-block-ugb-image-box ugb-image-box ugb-7e8c6cb ugb-image-box--v4 ugb-image-box--columns-1 ugb-image-box--design-basic ugb-main-block\"><style>.ugb-7e8c6cb .ugb-image-box__item1 .ugb-image-box__image{background-image:url(https:\/\/entresemillas.com\/blog\/wp-content\/uploads\/2021\/07\/capuchina-sembrar-semillas-en-verano.jpg)}<\/style><div class=\"ugb-inner-block\"><div class=\"ugb-block-content\"><div class=\"ugb-image-box__item ugb-image-box__item1 ugb-image-box__box\"><div class=\"ugb-image-box__box ugb-image-box__image-wrapper\"><div class=\"ugb-image-box__box ugb-image-box__image\" role=\"img\" aria-label=\"\"><\/div><\/div><div class=\"ugb-image-box__content\"><\/div><\/div><\/div><\/div><\/div>\n\n\n\n<h3 class=\"wp-block-heading\">Cobaea scandens<\/h3>\n\n\n\n<div class=\"wp-block-ugb-image-box ugb-image-box ugb-1d2b6dd ugb-image-box--v4 ugb-image-box--columns-1 ugb-image-box--design-basic ugb-main-block\"><style>.ugb-1d2b6dd .ugb-image-box__item1 .ugb-image-box__image{background-image:url(https:\/\/entresemillas.com\/blog\/wp-content\/uploads\/2021\/07\/cobaea-scandens-sembrar-semillas-en-verano.jpg)}<\/style><div class=\"ugb-inner-block\"><div class=\"ugb-block-content\"><div class=\"ugb-image-box__item ugb-image-box__item1 ugb-image-box__box\"><div class=\"ugb-image-box__box ugb-image-box__image-wrapper\"><div class=\"ugb-image-box__box ugb-image-box__image\" role=\"img\" aria-label=\"\"><\/div><\/div><div class=\"ugb-image-box__content\"><\/div><\/div><\/div><\/div><\/div>\n\n\n\n<h3 class=\"wp-block-heading\">Cosmos<\/h3>\n\n\n\n<div class=\"wp-block-ugb-image-box ugb-image-box ugb-9b0e6d5 ugb-image-box--v4 ugb-image-box--columns-3 ugb-image-box--design-basic ugb-main-block\"><style>.ugb-9b0e6d5 .ugb-image-box__item1 .ugb-image-box__image{background-image:url(https:\/\/entresemillas.com\/blog\/wp-content\/uploads\/2021\/07\/cosmos-sensation-semillas.jpg)}.ugb-9b0e6d5 .ugb-image-box__item2 .ugb-image-box__image{background-image:url(https:\/\/entresemillas.com\/blog\/wp-content\/uploads\/2021\/07\/cosmos-bipinnatus-tip-top-picotee-semillas.jpg)}.ugb-9b0e6d5 .ugb-image-box__item3 .ugb-image-box__image{background-image:url(https:\/\/entresemillas.com\/blog\/wp-content\/uploads\/2021\/07\/cosmos-bipinnatus-doble-rosa.jpg)}<\/style><div class=\"ugb-inner-block\"><div class=\"ugb-block-content\"><div class=\"ugb-image-box__item ugb-image-box__item1 ugb-image-box__box\"><div class=\"ugb-image-box__box ugb-image-box__image-wrapper\"><div class=\"ugb-image-box__box ugb-image-box__image\" role=\"img\" aria-label=\"\"><\/div><\/div><div class=\"ugb-image-box__content\"><\/div><\/div><div class=\"ugb-image-box__item ugb-image-box__item2 ugb-image-box__box\"><div class=\"ugb-image-box__box ugb-image-box__image-wrapper\"><div class=\"ugb-image-box__box ugb-image-box__image\" role=\"img\" aria-label=\"\"><\/div><\/div><div class=\"ugb-image-box__content\"><\/div><\/div><div class=\"ugb-image-box__item ugb-image-box__item3 ugb-image-box__box\"><div class=\"ugb-image-box__box ugb-image-box__image-wrapper\"><div class=\"ugb-image-box__box ugb-image-box__image\" role=\"img\" aria-label=\"\"><\/div><\/div><div class=\"ugb-image-box__content\"><\/div><\/div><\/div><\/div><\/div>\n\n\n\n<h3 class=\"wp-block-heading\">Gaillardia<\/h3>\n\n\n\n<div class=\"wp-block-ugb-image-box ugb-image-box ugb-7e477ca ugb-image-box--v4 ugb-image-box--columns-1 ugb-image-box--design-basic ugb-main-block\"><style>.ugb-7e477ca .ugb-image-box__item1 .ugb-image-box__image{background-image:url(https:\/\/entresemillas.com\/blog\/wp-content\/uploads\/2021\/07\/gaillardia-sembrar-en-verano.jpg)}<\/style><div class=\"ugb-inner-block\"><div class=\"ugb-block-content\"><div class=\"ugb-image-box__item ugb-image-box__item1 ugb-image-box__box\"><div class=\"ugb-image-box__box ugb-image-box__image-wrapper\"><div class=\"ugb-image-box__box ugb-image-box__image\" role=\"img\" aria-label=\"\"><\/div><\/div><div class=\"ugb-image-box__content\"><\/div><\/div><\/div><\/div><\/div>\n\n\n\n<h3 class=\"wp-block-heading\">Pensamientos<\/h3>\n\n\n\n<div class=\"wp-block-ugb-image-box ugb-image-box ugb-7b6a331 ugb-image-box--v4 ugb-image-box--columns-1 ugb-image-box--design-basic ugb-main-block\"><style>.ugb-7b6a331 .ugb-image-box__item1 .ugb-image-box__image{background-image:url(https:\/\/entresemillas.com\/blog\/wp-content\/uploads\/2021\/07\/pensamientos-sembrar-en-verano.jpg)}<\/style><div class=\"ugb-inner-block\"><div class=\"ugb-block-content\"><div class=\"ugb-image-box__item ugb-image-box__item1 ugb-image-box__box\"><div class=\"ugb-image-box__box ugb-image-box__image-wrapper\"><div class=\"ugb-image-box__box ugb-image-box__image\" role=\"img\" aria-label=\"\"><\/div><\/div><div class=\"ugb-image-box__content\"><\/div><\/div><\/div><\/div><\/div>\n\n\n\n<h2 class=\"wp-block-heading\">Semillas de flores bienales y perennes para sembrar en verano<\/h2>\n\n\n\n<h3 class=\"wp-block-heading\">Altramuz<\/h3>\n\n\n\n<div class=\"wp-block-ugb-image-box ugb-image-box ugb-682f797 ugb-image-box--v4 ugb-image-box--columns-1 ugb-image-box--design-basic ugb-main-block\"><style>.ugb-682f797 .ugb-image-box__item1 .ugb-image-box__image{background-image:url(https:\/\/entresemillas.com\/blog\/wp-content\/uploads\/2021\/07\/altramuz-semillas-verano.jpg)}<\/style><div class=\"ugb-inner-block\"><div class=\"ugb-block-content\"><div class=\"ugb-image-box__item ugb-image-box__item1 ugb-image-box__box\"><div class=\"ugb-image-box__box ugb-image-box__image-wrapper\"><div class=\"ugb-image-box__box ugb-image-box__image\" role=\"img\" aria-label=\"\"><\/div><\/div><div class=\"ugb-image-box__content\"><\/div><\/div><\/div><\/div><\/div>\n\n\n\n<h3 class=\"wp-block-heading\">Amapolas<\/h3>\n\n\n\n<div class=\"wp-block-ugb-image-box ugb-image-box ugb-dca352b ugb-image-box--v4 ugb-image-box--columns-3 ugb-image-box--design-basic ugb-main-block\"><style>.ugb-dca352b .ugb-image-box__item1 .ugb-image-box__image{background-image:url(https:\/\/entresemillas.com\/blog\/wp-content\/uploads\/2021\/07\/amapola-california-semillas.jpg)}.ugb-dca352b .ugb-image-box__item2 .ugb-image-box__image{background-image:url(https:\/\/entresemillas.com\/blog\/wp-content\/uploads\/2021\/07\/amapola-de-california-albaricoque-semillas-verano.jpg)}.ugb-dca352b .ugb-image-box__item3 .ugb-image-box__image{background-image:url(https:\/\/entresemillas.com\/blog\/wp-content\/uploads\/2021\/07\/amapola-de-california-rosa-semillas-verano.jpg)}<\/style><div class=\"ugb-inner-block\"><div class=\"ugb-block-content\"><div class=\"ugb-image-box__item ugb-image-box__item1 ugb-image-box__box\"><div class=\"ugb-image-box__box ugb-image-box__image-wrapper\"><div class=\"ugb-image-box__box ugb-image-box__image\" role=\"img\" aria-label=\"\"><\/div><\/div><div class=\"ugb-image-box__content\"><\/div><\/div><div class=\"ugb-image-box__item ugb-image-box__item2 ugb-image-box__box\"><div class=\"ugb-image-box__box ugb-image-box__image-wrapper\"><div class=\"ugb-image-box__box ugb-image-box__image\" role=\"img\" aria-label=\"\"><\/div><\/div><div class=\"ugb-image-box__content\"><\/div><\/div><div class=\"ugb-image-box__item ugb-image-box__item3 ugb-image-box__box\"><div class=\"ugb-image-box__box ugb-image-box__image-wrapper\"><div class=\"ugb-image-box__box ugb-image-box__image\" role=\"img\" aria-label=\"\"><\/div><\/div><div class=\"ugb-image-box__content\"><\/div><\/div><\/div><\/div><\/div>\n\n\n\n<h3 class=\"wp-block-heading\">Ang\u00e9lica<\/h3>\n\n\n\n<div class=\"wp-block-ugb-image-box ugb-image-box ugb-f4446be ugb-image-box--v4 ugb-image-box--columns-1 ugb-image-box--design-basic ugb-main-block\"><style>.ugb-f4446be .ugb-image-box__item1 .ugb-image-box__image{background-image:url(https:\/\/entresemillas.com\/blog\/wp-content\/uploads\/2021\/07\/angelica-semillas-verano.jpg)}<\/style><div class=\"ugb-inner-block\"><div class=\"ugb-block-content\"><div class=\"ugb-image-box__item ugb-image-box__item1 ugb-image-box__box\"><div class=\"ugb-image-box__box ugb-image-box__image-wrapper\"><div class=\"ugb-image-box__box ugb-image-box__image\" role=\"img\" aria-label=\"\"><\/div><\/div><div class=\"ugb-image-box__content\"><\/div><\/div><\/div><\/div><\/div>\n\n\n\n<h3 class=\"wp-block-heading\">Bellis perennis<\/h3>\n\n\n\n<div class=\"wp-block-ugb-image-box ugb-image-box ugb-37ef1bb ugb-image-box--v4 ugb-image-box--columns-1 ugb-image-box--design-basic ugb-main-block\"><style>.ugb-37ef1bb .ugb-image-box__item1 .ugb-image-box__image{background-image:url(https:\/\/entresemillas.com\/blog\/wp-content\/uploads\/2021\/07\/bellis-perennis-sembrar-en-verano.jpg)}<\/style><div class=\"ugb-inner-block\"><div class=\"ugb-block-content\"><div class=\"ugb-image-box__item ugb-image-box__item1 ugb-image-box__box\"><div class=\"ugb-image-box__box ugb-image-box__image-wrapper\"><div class=\"ugb-image-box__box ugb-image-box__image\" role=\"img\" aria-label=\"\"><\/div><\/div><div class=\"ugb-image-box__content\"><\/div><\/div><\/div><\/div><\/div>\n\n\n\n<h3 class=\"wp-block-heading\">Claveles<\/h3>\n\n\n\n<div class=\"wp-block-ugb-image-box ugb-image-box ugb-729f39e ugb-image-box--v4 ugb-image-box--columns-2 ugb-image-box--design-basic ugb-main-block\"><style>.ugb-729f39e .ugb-image-box__item1 .ugb-image-box__image{background-image:url(https:\/\/entresemillas.com\/blog\/wp-content\/uploads\/2021\/07\/semillas-de-claveles-sembrar-en-verano.jpg)}.ugb-729f39e .ugb-image-box__item2 .ugb-image-box__image{background-image:url(https:\/\/entresemillas.com\/blog\/wp-content\/uploads\/2021\/07\/dianthus-para-sembrar-en-verano.jpg)}<\/style><div class=\"ugb-inner-block\"><div class=\"ugb-block-content\"><div class=\"ugb-image-box__item ugb-image-box__item1 ugb-image-box__box\"><div class=\"ugb-image-box__box ugb-image-box__image-wrapper\"><div class=\"ugb-image-box__box ugb-image-box__image\" role=\"img\" aria-label=\"\"><\/div><\/div><div class=\"ugb-image-box__content\"><\/div><\/div><div class=\"ugb-image-box__item ugb-image-box__item2 ugb-image-box__box\"><div class=\"ugb-image-box__box ugb-image-box__image-wrapper\"><div class=\"ugb-image-box__box ugb-image-box__image\" role=\"img\" aria-label=\"\"><\/div><\/div><div class=\"ugb-image-box__content\"><\/div><\/div><\/div><\/div><\/div>\n\n\n\n<h3 class=\"wp-block-heading\">Dedalera<\/h3>\n\n\n\n<div class=\"wp-block-ugb-image-box ugb-image-box ugb-d9fd98c ugb-image-box--v4 ugb-image-box--columns-1 ugb-image-box--design-basic ugb-main-block\"><style>.ugb-d9fd98c .ugb-image-box__item1 .ugb-image-box__image{background-image:url(https:\/\/entresemillas.com\/blog\/wp-content\/uploads\/2021\/07\/dedalera-sembrar-en-verano.jpg)}<\/style><div class=\"ugb-inner-block\"><div class=\"ugb-block-content\"><div class=\"ugb-image-box__item ugb-image-box__item1 ugb-image-box__box\"><div class=\"ugb-image-box__box ugb-image-box__image-wrapper\"><div class=\"ugb-image-box__box ugb-image-box__image\" role=\"img\" aria-label=\"\"><\/div><\/div><div class=\"ugb-image-box__content\"><\/div><\/div><\/div><\/div><\/div>\n\n\n\n<h3 class=\"wp-block-heading\">Flor el coraz\u00f3n (Dicentra)<\/h3>\n\n\n\n<div class=\"wp-block-ugb-image-box ugb-image-box ugb-989a364 ugb-image-box--v4 ugb-image-box--columns-1 ugb-image-box--design-basic ugb-main-block\"><style>.ugb-989a364 .ugb-image-box__item1 .ugb-image-box__image{background-image:url(https:\/\/entresemillas.com\/blog\/wp-content\/uploads\/2021\/07\/dicentra-sembrar-en-verano.jpg)}<\/style><div class=\"ugb-inner-block\"><div class=\"ugb-block-content\"><div class=\"ugb-image-box__item ugb-image-box__item1 ugb-image-box__box\"><div class=\"ugb-image-box__box ugb-image-box__image-wrapper\"><div class=\"ugb-image-box__box ugb-image-box__image\" role=\"img\" aria-label=\"\"><\/div><\/div><div class=\"ugb-image-box__content\"><\/div><\/div><\/div><\/div><\/div>\n\n\n\n<h3 class=\"wp-block-heading\">Lino<\/h3>\n\n\n\n<div class=\"wp-block-ugb-image-box ugb-image-box ugb-9242b14 ugb-image-box--v4 ugb-image-box--columns-1 ugb-image-box--design-basic ugb-main-block\"><style>.ugb-9242b14 .ugb-image-box__item1 .ugb-image-box__image{background-image:url(https:\/\/entresemillas.com\/blog\/wp-content\/uploads\/2021\/07\/lino-flores-en-verano.jpg)}<\/style><div class=\"ugb-inner-block\"><div class=\"ugb-block-content\"><div class=\"ugb-image-box__item ugb-image-box__item1 ugb-image-box__box\"><div class=\"ugb-image-box__box ugb-image-box__image-wrapper\"><div class=\"ugb-image-box__box ugb-image-box__image\" role=\"img\" aria-label=\"\"><\/div><\/div><div class=\"ugb-image-box__content\"><\/div><\/div><\/div><\/div><\/div>\n\n\n\n<h3 class=\"wp-block-heading\">Lunaria<\/h3>\n\n\n\n<div class=\"wp-block-ugb-image-box ugb-image-box ugb-f971d43 ugb-image-box--v4 ugb-image-box--columns-1 ugb-image-box--design-basic ugb-main-block\"><style>.ugb-f971d43 .ugb-image-box__item1 .ugb-image-box__image{background-image:url(https:\/\/entresemillas.com\/blog\/wp-content\/uploads\/2021\/07\/lunaria-sembrar-semillas-en-verano.jpg)}<\/style><div class=\"ugb-inner-block\"><div class=\"ugb-block-content\"><div class=\"ugb-image-box__item ugb-image-box__item1 ugb-image-box__box\"><div class=\"ugb-image-box__box ugb-image-box__image-wrapper\"><div class=\"ugb-image-box__box ugb-image-box__image\" role=\"img\" aria-label=\"\"><\/div><\/div><div class=\"ugb-image-box__content\"><\/div><\/div><\/div><\/div><\/div>\n\n\n\n<h3 class=\"wp-block-heading\">Nomeolvides<\/h3>\n\n\n\n<div class=\"wp-block-ugb-image-box ugb-image-box ugb-3ea683a ugb-image-box--v4 ugb-image-box--columns-1 ugb-image-box--design-basic ugb-main-block\"><style>.ugb-3ea683a .ugb-image-box__item1 .ugb-image-box__image{background-image:url(https:\/\/entresemillas.com\/blog\/wp-content\/uploads\/2021\/07\/nomeolvides-sembrar-en-verano.jpg)}<\/style><div class=\"ugb-inner-block\"><div class=\"ugb-block-content\"><div class=\"ugb-image-box__item ugb-image-box__item1 ugb-image-box__box\"><div class=\"ugb-image-box__box ugb-image-box__image-wrapper\"><div class=\"ugb-image-box__box ugb-image-box__image\" role=\"img\" aria-label=\"\"><\/div><\/div><div class=\"ugb-image-box__content\"><\/div><\/div><\/div><\/div><\/div>\n\n\n\n<div class=\"wp-block-ugb-button ugb-button-wrapper ugb-0b59fbd ugb-main-block\"><style>.ugb-0b59fbd .ugb-button1{background-color:#cf2e2e}.ugb-0b59fbd .ugb-button1 .ugb-button--inner,.ugb-0b59fbd .ugb-button1 svg:not(.ugb-custom-icon){color:#ffffff !important}<\/style><div class=\"ugb-inner-block\"><div class=\"ugb-block-content\"><div class=\"ugb-button-container\"><a class=\"ugb-button1 ugb-button ugb-button--size-large\" href=\"https:\/\/entresemillas.com\/20-flores\" rel=\"\" title=\"\"><span class=\"ugb-button--inner\"><strong>Comprar semillas de flores<\/strong><\/span><\/a><\/div><\/div><\/div><\/div>\n\n\n\n<p><\/p>\n","protected":false},"excerpt":{"rendered":"<p>La siembra de semillas no se acab\u00f3 en primavera, en verano hay muchas semillas que a\u00fan puedes sembrar. Algunas especies [&hellip;]<\/p>\n","protected":false},"author":1,"featured_media":3216,"comment_status":"open","ping_status":"closed","sticky":false,"template":"","format":"standard","meta":{"site-sidebar-layout":"default","site-content-layout":"","ast-site-content-layout":"default","site-content-style":"default","site-sidebar-style":"default","ast-global-header-display":"","ast-banner-title-visibility":"","ast-main-header-display":"","ast-hfb-above-header-display":"","ast-hfb-below-header-display":"","ast-hfb-mobile-header-display":"","site-post-title":"","ast-breadcrumbs-content":"","ast-featured-img":"","footer-sml-layout":"","ast-disable-related-posts":"","theme-transparent-header-meta":"","adv-header-id-meta":"","stick-header-meta":"","header-above-stick-meta":"","header-main-stick-meta":"","header-below-stick-meta":"","astra-migrate-meta-layouts":"default","ast-page-background-enabled":"default","ast-page-background-meta":{"desktop":{"background-color":"var(--ast-global-color-5)","background-image":"","background-repeat":"repeat","background-position":"center center","background-size":"auto","background-attachment":"scroll","background-type":"","background-media":"","overlay-type":"","overlay-color":"","overlay-opacity":"","overlay-gradient":""},"tablet":{"background-color":"","background-image":"","background-repeat":"repeat","background-position":"center center","background-size":"auto","background-attachment":"scroll","background-type":"","background-media":"","overlay-type":"","overlay-color":"","overlay-opacity":"","overlay-gradient":""},"mobile":{"background-color":"","background-image":"","background-repeat":"repeat","background-position":"center center","background-size":"auto","background-attachment":"scroll","background-type":"","background-media":"","overlay-type":"","overlay-color":"","overlay-opacity":"","overlay-gradient":""}},"ast-content-background-meta":{"desktop":{"background-color":"var(--ast-global-color-4)","background-image":"","background-repeat":"repeat","background-position":"center center","background-size":"auto","background-attachment":"scroll","background-type":"","background-media":"","overlay-type":"","overlay-color":"","overlay-opacity":"","overlay-gradient":""},"tablet":{"background-color":"var(--ast-global-color-4)","background-image":"","background-repeat":"repeat","background-position":"center center","background-size":"auto","background-attachment":"scroll","background-type":"","background-media":"","overlay-type":"","overlay-color":"","overlay-opacity":"","overlay-gradient":""},"mobile":{"background-color":"var(--ast-global-color-4)","background-image":"","background-repeat":"repeat","background-position":"center center","background-size":"auto","background-attachment":"scroll","background-type":"","background-media":"","overlay-type":"","overlay-color":"","overlay-opacity":"","overlay-gradient":""}},"footnotes":""},"categories":[1],"tags":[89,360],"class_list":["post-3185","post","type-post","status-publish","format-standard","has-post-thumbnail","hentry","category-uncategorized","tag-que-sembrar","tag-sembrar-en-verano"],"_links":{"self":[{"href":"https:\/\/entresemillas.com\/blog\/wp-json\/wp\/v2\/posts\/3185","targetHints":{"allow":["GET"]}}],"collection":[{"href":"https:\/\/entresemillas.com\/blog\/wp-json\/wp\/v2\/posts"}],"about":[{"href":"https:\/\/entresemillas.com\/blog\/wp-json\/wp\/v2\/types\/post"}],"author":[{"embeddable":true,"href":"https:\/\/entresemillas.com\/blog\/wp-json\/wp\/v2\/users\/1"}],"replies":[{"embeddable":true,"href":"https:\/\/entresemillas.com\/blog\/wp-json\/wp\/v2\/comments?post=3185"}],"version-history":[{"count":3,"href":"https:\/\/entresemillas.com\/blog\/wp-json\/wp\/v2\/posts\/3185\/revisions"}],"predecessor-version":[{"id":3214,"href":"https:\/\/entresemillas.com\/blog\/wp-json\/wp\/v2\/posts\/3185\/revisions\/3214"}],"wp:featuredmedia":[{"embeddable":true,"href":"https:\/\/entresemillas.com\/blog\/wp-json\/wp\/v2\/media\/3216"}],"wp:attachment":[{"href":"https:\/\/entresemillas.com\/blog\/wp-json\/wp\/v2\/media?parent=3185"}],"wp:term":[{"taxonomy":"category","embeddable":true,"href":"https:\/\/entresemillas.com\/blog\/wp-json\/wp\/v2\/categories?post=3185"},{"taxonomy":"post_tag","embeddable":true,"href":"https:\/\/entresemillas.com\/blog\/wp-json\/wp\/v2\/tags?post=3185"}],"curies":[{"name":"wp","href":"https:\/\/api.w.org\/{rel}","templated":true}]}}