{"id":3680,"date":"2022-01-14T17:13:48","date_gmt":"2022-01-14T16:13:48","guid":{"rendered":"https:\/\/entresemillas.com\/blog\/?p=3680"},"modified":"2022-01-14T17:16:49","modified_gmt":"2022-01-14T16:16:49","slug":"9-semillas-de-hierbas-culinarias-raras-que-sembrar-en-enero-y-febrero","status":"publish","type":"post","link":"https:\/\/entresemillas.com\/blog\/9-semillas-de-hierbas-culinarias-raras-que-sembrar-en-enero-y-febrero\/","title":{"rendered":"9 semillas de hierbas culinarias raras que sembrar en Enero y Febrero"},"content":{"rendered":"\n<p>A\u00fan quedan por delante meses de fr\u00edo, pero ya so\u00f1amos con los d\u00edas que est\u00e1n por venir, tenemos ganas de sembrar muchas semillas y preparar el jard\u00edn para un gran a\u00f1o.<\/p>\n\n\n\n<p>Algunas plantas de hierbas culinarias son dif\u00edciles de encontrar en los centros de jardiner\u00eda convencionales y la mejor de conseguirlas, a veces la \u00fanica, es a trav\u00e9s de la siembra de sus semillas.<\/p>\n\n\n\n<!--more-->\n\n\n\n<p>La mayor\u00eda de semillas de hierbas arom\u00e1ticas y culinarias se siembran tras las \u00faltimas heladas del invierno, pero comenzando antes con la siembra de semillas tendr\u00e1s plantas antes para poder trasplantar y te dar\u00e1 tiempo a volver a intentarlo si han germinado pocas o se las ha comido alg\u00fan intruso.<\/p>\n\n\n\n<p>Si quieres conocer<mark class=\"kt-highlight\"><strong> <a href=\"https:\/\/entresemillas.com\/blog\/sembrar-semillas-sin-tierra\/\">en qu\u00e9 sustratos sembrar semillas<\/a> <\/strong><\/mark>te recomendamos leer el <a href=\"https:\/\/entresemillas.com\/blog\/sembrar-semillas-sin-tierra\/\">art\u00edculo <\/a>al que dedicamos en el blog.<\/p>\n\n\n\n<p>Como para la germinaci\u00f3n de la mayor\u00eda de semillas es imprescindible el calor, si hace mucho fr\u00edo no van a germinar, necesitaremos colocar los semilleros o macetas cercanas a una fuente de calor constante, como una<mark class=\"kt-highlight\"><strong> <a href=\"https:\/\/amzn.to\/3foTrUT\">alfombrilla t\u00e9rmica<\/a> <\/strong><\/mark>o manta calentadora.<\/p>\n\n\n\n<p>Como lo d\u00edas son m\u00e1s oscuros, una ubicaci\u00f3n iluminada es muy importante. Coloca las pl\u00e1ntulas en una ventana con orientaci\u00f3n sur o suroeste o bajo luces de cultivo como los leds o tubos fluorescentes.<\/p>\n\n\n\n<p><\/p>\n\n\n\n<h2 class=\"wp-block-heading\"><strong>Esta es nuestra propuesta de hierbas culinarias raras que sembrar en enero y febrero:<\/strong><\/h2>\n\n\n\n<p><\/p>\n\n\n\n<h3 class=\"wp-block-heading\">Tomillo sanjuanero<\/h3>\n\n\n\n<figure class=\"wp-block-image size-full\"><a href=\"https:\/\/entresemillas.com\/blog\/wp-content\/uploads\/2022\/01\/tomillo-sanjuanero-semillas.jpg\"><img loading=\"lazy\" decoding=\"async\" width=\"800\" height=\"300\" src=\"https:\/\/entresemillas.com\/blog\/wp-content\/uploads\/2022\/01\/tomillo-sanjuanero-semillas.jpg\" alt=\"\" class=\"wp-image-3683\" srcset=\"https:\/\/entresemillas.com\/blog\/wp-content\/uploads\/2022\/01\/tomillo-sanjuanero-semillas.jpg 800w, https:\/\/entresemillas.com\/blog\/wp-content\/uploads\/2022\/01\/tomillo-sanjuanero-semillas-300x113.jpg 300w, https:\/\/entresemillas.com\/blog\/wp-content\/uploads\/2022\/01\/tomillo-sanjuanero-semillas-768x288.jpg 768w, https:\/\/entresemillas.com\/blog\/wp-content\/uploads\/2022\/01\/tomillo-sanjuanero-semillas-200x75.jpg 200w, https:\/\/entresemillas.com\/blog\/wp-content\/uploads\/2022\/01\/tomillo-sanjuanero-semillas-400x150.jpg 400w, https:\/\/entresemillas.com\/blog\/wp-content\/uploads\/2022\/01\/tomillo-sanjuanero-semillas-600x225.jpg 600w\" sizes=\"auto, (max-width: 800px) 100vw, 800px\" \/><\/a><\/figure>\n\n\n\n<p>Este tomillo al que tambi\u00e9n se llama Serpol, vive en el centro y norte de Europa. Se parece f\u00edsicamente al tomillo com\u00fan pero su aroma es mucho m\u00e1s agradable \u00a1nos encanta!<\/p>\n\n\n\n<h3 class=\"wp-block-heading\">Albahaca morada<\/h3>\n\n\n\n<figure class=\"wp-block-image size-full\"><a href=\"https:\/\/entresemillas.com\/blog\/wp-content\/uploads\/2022\/01\/albahaca-morada-semillas.jpg\"><img loading=\"lazy\" decoding=\"async\" width=\"800\" height=\"300\" src=\"https:\/\/entresemillas.com\/blog\/wp-content\/uploads\/2022\/01\/albahaca-morada-semillas.jpg\" alt=\"\" class=\"wp-image-3684\" srcset=\"https:\/\/entresemillas.com\/blog\/wp-content\/uploads\/2022\/01\/albahaca-morada-semillas.jpg 800w, https:\/\/entresemillas.com\/blog\/wp-content\/uploads\/2022\/01\/albahaca-morada-semillas-300x113.jpg 300w, https:\/\/entresemillas.com\/blog\/wp-content\/uploads\/2022\/01\/albahaca-morada-semillas-768x288.jpg 768w, https:\/\/entresemillas.com\/blog\/wp-content\/uploads\/2022\/01\/albahaca-morada-semillas-200x75.jpg 200w, https:\/\/entresemillas.com\/blog\/wp-content\/uploads\/2022\/01\/albahaca-morada-semillas-400x150.jpg 400w, https:\/\/entresemillas.com\/blog\/wp-content\/uploads\/2022\/01\/albahaca-morada-semillas-600x225.jpg 600w\" sizes=\"auto, (max-width: 800px) 100vw, 800px\" \/><\/a><\/figure>\n\n\n\n<p>La variedad morada de la ya conocida albahaca. Tiene el aroma y el sabor de la verde, pero con un color morado o p\u00farpura que da un toque especial a las salsas, ensaladas, pastas\u2026<\/p>\n\n\n\n<h3 class=\"wp-block-heading\">Perejil gigante italiano<\/h3>\n\n\n\n<figure class=\"wp-block-image size-full\"><a href=\"https:\/\/entresemillas.com\/blog\/wp-content\/uploads\/2022\/01\/perejil-gigante-de-italia.jpg\"><img loading=\"lazy\" decoding=\"async\" width=\"800\" height=\"300\" src=\"https:\/\/entresemillas.com\/blog\/wp-content\/uploads\/2022\/01\/perejil-gigante-de-italia.jpg\" alt=\"\" class=\"wp-image-3685\" srcset=\"https:\/\/entresemillas.com\/blog\/wp-content\/uploads\/2022\/01\/perejil-gigante-de-italia.jpg 800w, https:\/\/entresemillas.com\/blog\/wp-content\/uploads\/2022\/01\/perejil-gigante-de-italia-300x113.jpg 300w, https:\/\/entresemillas.com\/blog\/wp-content\/uploads\/2022\/01\/perejil-gigante-de-italia-768x288.jpg 768w, https:\/\/entresemillas.com\/blog\/wp-content\/uploads\/2022\/01\/perejil-gigante-de-italia-200x75.jpg 200w, https:\/\/entresemillas.com\/blog\/wp-content\/uploads\/2022\/01\/perejil-gigante-de-italia-400x150.jpg 400w, https:\/\/entresemillas.com\/blog\/wp-content\/uploads\/2022\/01\/perejil-gigante-de-italia-600x225.jpg 600w\" sizes=\"auto, (max-width: 800px) 100vw, 800px\" \/><\/a><\/figure>\n\n\n\n<p>Esta es una variedad de perejil gigante de Italia, con hojas m\u00e1s anchas y tallos m\u00e1s largos que el perejil com\u00fan. Es tambi\u00e9n m\u00e1s arom\u00e1tico y de color verde oscuro.<\/p>\n\n\n\n<h3 class=\"wp-block-heading\">Menta de corea<\/h3>\n\n\n\n<figure class=\"wp-block-image size-full\"><a href=\"https:\/\/entresemillas.com\/blog\/wp-content\/uploads\/2022\/01\/menta-coreana-semillas.jpg\"><img loading=\"lazy\" decoding=\"async\" width=\"800\" height=\"300\" src=\"https:\/\/entresemillas.com\/blog\/wp-content\/uploads\/2022\/01\/menta-coreana-semillas.jpg\" alt=\"\" class=\"wp-image-3686\" srcset=\"https:\/\/entresemillas.com\/blog\/wp-content\/uploads\/2022\/01\/menta-coreana-semillas.jpg 800w, https:\/\/entresemillas.com\/blog\/wp-content\/uploads\/2022\/01\/menta-coreana-semillas-300x113.jpg 300w, https:\/\/entresemillas.com\/blog\/wp-content\/uploads\/2022\/01\/menta-coreana-semillas-768x288.jpg 768w, https:\/\/entresemillas.com\/blog\/wp-content\/uploads\/2022\/01\/menta-coreana-semillas-200x75.jpg 200w, https:\/\/entresemillas.com\/blog\/wp-content\/uploads\/2022\/01\/menta-coreana-semillas-400x150.jpg 400w, https:\/\/entresemillas.com\/blog\/wp-content\/uploads\/2022\/01\/menta-coreana-semillas-600x225.jpg 600w\" sizes=\"auto, (max-width: 800px) 100vw, 800px\" \/><\/a><\/figure>\n\n\n\n<p>Su olor es similar al de la menta. Crece desde Rusia hasta China, siendo considerada en este pa\u00eds una (la primera) de las 50 hierbas fundamentales de la medicina tradicional china, usada para distintas afecciones.<\/p>\n\n\n\n<h3 class=\"wp-block-heading\">Melisa de hojas doradas<\/h3>\n\n\n\n<p>Con fuerte aroma a lim\u00f3n, esta melisa es una variedad \u00fanica con las hojas variegadas entre el verde original y el amarillo dorado.<\/p>\n\n\n\n<figure class=\"wp-block-image size-full\"><a href=\"https:\/\/entresemillas.com\/blog\/wp-content\/uploads\/2022\/01\/melisa-hojas-doradas-semillas.jpg\"><img loading=\"lazy\" decoding=\"async\" width=\"800\" height=\"300\" src=\"https:\/\/entresemillas.com\/blog\/wp-content\/uploads\/2022\/01\/melisa-hojas-doradas-semillas.jpg\" alt=\"\" class=\"wp-image-3687\" srcset=\"https:\/\/entresemillas.com\/blog\/wp-content\/uploads\/2022\/01\/melisa-hojas-doradas-semillas.jpg 800w, https:\/\/entresemillas.com\/blog\/wp-content\/uploads\/2022\/01\/melisa-hojas-doradas-semillas-300x113.jpg 300w, https:\/\/entresemillas.com\/blog\/wp-content\/uploads\/2022\/01\/melisa-hojas-doradas-semillas-768x288.jpg 768w, https:\/\/entresemillas.com\/blog\/wp-content\/uploads\/2022\/01\/melisa-hojas-doradas-semillas-200x75.jpg 200w, https:\/\/entresemillas.com\/blog\/wp-content\/uploads\/2022\/01\/melisa-hojas-doradas-semillas-400x150.jpg 400w, https:\/\/entresemillas.com\/blog\/wp-content\/uploads\/2022\/01\/melisa-hojas-doradas-semillas-600x225.jpg 600w\" sizes=\"auto, (max-width: 800px) 100vw, 800px\" \/><\/a><\/figure>\n\n\n\n<h3 class=\"wp-block-heading\">Cebollino chino<\/h3>\n\n\n\n<figure class=\"wp-block-image size-full\"><a href=\"https:\/\/entresemillas.com\/blog\/wp-content\/uploads\/2022\/01\/cebollino-chino-semillas.jpg\"><img loading=\"lazy\" decoding=\"async\" width=\"800\" height=\"300\" src=\"https:\/\/entresemillas.com\/blog\/wp-content\/uploads\/2022\/01\/cebollino-chino-semillas.jpg\" alt=\"\" class=\"wp-image-3688\" srcset=\"https:\/\/entresemillas.com\/blog\/wp-content\/uploads\/2022\/01\/cebollino-chino-semillas.jpg 800w, https:\/\/entresemillas.com\/blog\/wp-content\/uploads\/2022\/01\/cebollino-chino-semillas-300x113.jpg 300w, https:\/\/entresemillas.com\/blog\/wp-content\/uploads\/2022\/01\/cebollino-chino-semillas-768x288.jpg 768w, https:\/\/entresemillas.com\/blog\/wp-content\/uploads\/2022\/01\/cebollino-chino-semillas-200x75.jpg 200w, https:\/\/entresemillas.com\/blog\/wp-content\/uploads\/2022\/01\/cebollino-chino-semillas-400x150.jpg 400w, https:\/\/entresemillas.com\/blog\/wp-content\/uploads\/2022\/01\/cebollino-chino-semillas-600x225.jpg 600w\" sizes=\"auto, (max-width: 800px) 100vw, 800px\" \/><\/a><\/figure>\n\n\n\n<p>Las cebolletas de ajo, o cebolletas chinas, son hierbas de largas y planas hojas comestibles, con sabor a ajo, pero m\u00e1s suave que al ajo de bulbo. Su uso es similar al del cebollino com\u00fan y las hojas suelen consumirse troceadas en arroz, ensaladas y pok\u00e9s.<\/p>\n\n\n\n<h3 class=\"wp-block-heading\">Perilla roja de hoja lisa<\/h3>\n\n\n\n<figure class=\"wp-block-image size-full\"><a href=\"https:\/\/entresemillas.com\/blog\/wp-content\/uploads\/2022\/01\/perilla-roja-hoja-lisa.jpg\"><img loading=\"lazy\" decoding=\"async\" width=\"800\" height=\"300\" src=\"https:\/\/entresemillas.com\/blog\/wp-content\/uploads\/2022\/01\/perilla-roja-hoja-lisa.jpg\" alt=\"\" class=\"wp-image-3689\" srcset=\"https:\/\/entresemillas.com\/blog\/wp-content\/uploads\/2022\/01\/perilla-roja-hoja-lisa.jpg 800w, https:\/\/entresemillas.com\/blog\/wp-content\/uploads\/2022\/01\/perilla-roja-hoja-lisa-300x113.jpg 300w, https:\/\/entresemillas.com\/blog\/wp-content\/uploads\/2022\/01\/perilla-roja-hoja-lisa-768x288.jpg 768w, https:\/\/entresemillas.com\/blog\/wp-content\/uploads\/2022\/01\/perilla-roja-hoja-lisa-200x75.jpg 200w, https:\/\/entresemillas.com\/blog\/wp-content\/uploads\/2022\/01\/perilla-roja-hoja-lisa-400x150.jpg 400w, https:\/\/entresemillas.com\/blog\/wp-content\/uploads\/2022\/01\/perilla-roja-hoja-lisa-600x225.jpg 600w\" sizes=\"auto, (max-width: 800px) 100vw, 800px\" \/><\/a><\/figure>\n\n\n\n<p>Planta de hojas comestibles tradicionalmente cultivada desde la India hasta Jap\u00f3n por sus propiedades medicinales, principalmente relacionadas con las alergias, y su utilidad en la cocina.<\/p>\n\n\n\n<h3 class=\"wp-block-heading\">Acedera roja sangu\u00ednea<\/h3>\n\n\n\n<figure class=\"wp-block-image size-full\"><a href=\"https:\/\/entresemillas.com\/blog\/wp-content\/uploads\/2022\/01\/acedera-roja-semillas.jpg\"><img loading=\"lazy\" decoding=\"async\" width=\"800\" height=\"300\" src=\"https:\/\/entresemillas.com\/blog\/wp-content\/uploads\/2022\/01\/acedera-roja-semillas.jpg\" alt=\"\" class=\"wp-image-3690\" srcset=\"https:\/\/entresemillas.com\/blog\/wp-content\/uploads\/2022\/01\/acedera-roja-semillas.jpg 800w, https:\/\/entresemillas.com\/blog\/wp-content\/uploads\/2022\/01\/acedera-roja-semillas-300x113.jpg 300w, https:\/\/entresemillas.com\/blog\/wp-content\/uploads\/2022\/01\/acedera-roja-semillas-768x288.jpg 768w, https:\/\/entresemillas.com\/blog\/wp-content\/uploads\/2022\/01\/acedera-roja-semillas-200x75.jpg 200w, https:\/\/entresemillas.com\/blog\/wp-content\/uploads\/2022\/01\/acedera-roja-semillas-400x150.jpg 400w, https:\/\/entresemillas.com\/blog\/wp-content\/uploads\/2022\/01\/acedera-roja-semillas-600x225.jpg 600w\" sizes=\"auto, (max-width: 800px) 100vw, 800px\" \/><\/a><\/figure>\n\n\n\n<p>De hojas comestibles, la acedera roja sangu\u00ednea aporta un color diferente a las ensaladas, con su decorativo color rojo p\u00farpura en las hojas y el ped\u00fanculo. El sabor de esta acedera roja es m\u00e1s suave que el de la acedera com\u00fan.<\/p>\n\n\n\n<h3 class=\"wp-block-heading\">Culantro<\/h3>\n\n\n\n<figure class=\"wp-block-image size-full\"><a href=\"https:\/\/entresemillas.com\/blog\/wp-content\/uploads\/2022\/01\/culantro-sembrar-semillas.jpg\"><img loading=\"lazy\" decoding=\"async\" width=\"800\" height=\"300\" src=\"https:\/\/entresemillas.com\/blog\/wp-content\/uploads\/2022\/01\/culantro-sembrar-semillas.jpg\" alt=\"\" class=\"wp-image-3691\" srcset=\"https:\/\/entresemillas.com\/blog\/wp-content\/uploads\/2022\/01\/culantro-sembrar-semillas.jpg 800w, https:\/\/entresemillas.com\/blog\/wp-content\/uploads\/2022\/01\/culantro-sembrar-semillas-300x113.jpg 300w, https:\/\/entresemillas.com\/blog\/wp-content\/uploads\/2022\/01\/culantro-sembrar-semillas-768x288.jpg 768w, https:\/\/entresemillas.com\/blog\/wp-content\/uploads\/2022\/01\/culantro-sembrar-semillas-200x75.jpg 200w, https:\/\/entresemillas.com\/blog\/wp-content\/uploads\/2022\/01\/culantro-sembrar-semillas-400x150.jpg 400w, https:\/\/entresemillas.com\/blog\/wp-content\/uploads\/2022\/01\/culantro-sembrar-semillas-600x225.jpg 600w\" sizes=\"auto, (max-width: 800px) 100vw, 800px\" \/><\/a><\/figure>\n\n\n\n<p>De hojas largas y dentadas de intenso y caracter\u00edstico aroma apreciado en la cocina, parecido al del cilantro europeo (son diferentes especies) pero m\u00e1s intenso.<\/p>\n\n\n<style>.wp-block-kadence-advancedheading.kt-adv-heading_af563d-85, .wp-block-kadence-advancedheading.kt-adv-heading_af563d-85[data-kb-block=\"kb-adv-heading_af563d-85\"]{text-align:center;font-weight:normal;font-style:normal;}.wp-block-kadence-advancedheading.kt-adv-heading_af563d-85 mark.kt-highlight, .wp-block-kadence-advancedheading.kt-adv-heading_af563d-85[data-kb-block=\"kb-adv-heading_af563d-85\"] mark.kt-highlight{font-weight:normal;font-style:normal;color:#f76a0c;-webkit-box-decoration-break:clone;box-decoration-break:clone;padding-top:0px;padding-right:0px;padding-bottom:0px;padding-left:0px;}.wp-block-kadence-advancedheading.kt-adv-heading_af563d-85 img.kb-inline-image, .wp-block-kadence-advancedheading.kt-adv-heading_af563d-85[data-kb-block=\"kb-adv-heading_af563d-85\"] img.kb-inline-image{width:150px;vertical-align:baseline;}<\/style>\n<h3 class=\"kt-adv-heading_af563d-85 wp-block-kadence-advancedheading\" data-kb-block=\"kb-adv-heading_af563d-85\">Art\u00edculos relacionados<\/h3>\n\n\n\n<div class=\"wp-block-group is-layout-flow wp-block-group-is-layout-flow\"><\/div>\n\n\n\n<p><\/p>\n","protected":false},"excerpt":{"rendered":"<p>9 semillas de hierbas culinarias raras que sembrar entre Enero y Febrero<\/p>\n","protected":false},"author":1,"featured_media":3681,"comment_status":"open","ping_status":"closed","sticky":false,"template":"","format":"standard","meta":{"site-sidebar-layout":"default","site-content-layout":"","ast-site-content-layout":"default","site-content-style":"default","site-sidebar-style":"default","ast-global-header-display":"","ast-banner-title-visibility":"","ast-main-header-display":"","ast-hfb-above-header-display":"","ast-hfb-below-header-display":"","ast-hfb-mobile-header-display":"","site-post-title":"","ast-breadcrumbs-content":"","ast-featured-img":"","footer-sml-layout":"","ast-disable-related-posts":"","theme-transparent-header-meta":"","adv-header-id-meta":"","stick-header-meta":"","header-above-stick-meta":"","header-main-stick-meta":"","header-below-stick-meta":"","astra-migrate-meta-layouts":"default","ast-page-background-enabled":"default","ast-page-background-meta":{"desktop":{"background-color":"var(--ast-global-color-5)","background-image":"","background-repeat":"repeat","background-position":"center center","background-size":"auto","background-attachment":"scroll","background-type":"","background-media":"","overlay-type":"","overlay-color":"","overlay-opacity":"","overlay-gradient":""},"tablet":{"background-color":"","background-image":"","background-repeat":"repeat","background-position":"center center","background-size":"auto","background-attachment":"scroll","background-type":"","background-media":"","overlay-type":"","overlay-color":"","overlay-opacity":"","overlay-gradient":""},"mobile":{"background-color":"","background-image":"","background-repeat":"repeat","background-position":"center center","background-size":"auto","background-attachment":"scroll","background-type":"","background-media":"","overlay-type":"","overlay-color":"","overlay-opacity":"","overlay-gradient":""}},"ast-content-background-meta":{"desktop":{"background-color":"var(--ast-global-color-4)","background-image":"","background-repeat":"repeat","background-position":"center center","background-size":"auto","background-attachment":"scroll","background-type":"","background-media":"","overlay-type":"","overlay-color":"","overlay-opacity":"","overlay-gradient":""},"tablet":{"background-color":"var(--ast-global-color-4)","background-image":"","background-repeat":"repeat","background-position":"center center","background-size":"auto","background-attachment":"scroll","background-type":"","background-media":"","overlay-type":"","overlay-color":"","overlay-opacity":"","overlay-gradient":""},"mobile":{"background-color":"var(--ast-global-color-4)","background-image":"","background-repeat":"repeat","background-position":"center center","background-size":"auto","background-attachment":"scroll","background-type":"","background-media":"","overlay-type":"","overlay-color":"","overlay-opacity":"","overlay-gradient":""}},"footnotes":""},"categories":[1],"tags":[385,215,384,386,299,387],"class_list":["post-3680","post","type-post","status-publish","format-standard","has-post-thumbnail","hentry","category-uncategorized","tag-hierbas","tag-hierbas-aromaticas","tag-hierbas-culinarias","tag-plantas-culinarias","tag-plantas-raras","tag-semillas-raras"],"_links":{"self":[{"href":"https:\/\/entresemillas.com\/blog\/wp-json\/wp\/v2\/posts\/3680","targetHints":{"allow":["GET"]}}],"collection":[{"href":"https:\/\/entresemillas.com\/blog\/wp-json\/wp\/v2\/posts"}],"about":[{"href":"https:\/\/entresemillas.com\/blog\/wp-json\/wp\/v2\/types\/post"}],"author":[{"embeddable":true,"href":"https:\/\/entresemillas.com\/blog\/wp-json\/wp\/v2\/users\/1"}],"replies":[{"embeddable":true,"href":"https:\/\/entresemillas.com\/blog\/wp-json\/wp\/v2\/comments?post=3680"}],"version-history":[{"count":4,"href":"https:\/\/entresemillas.com\/blog\/wp-json\/wp\/v2\/posts\/3680\/revisions"}],"predecessor-version":[{"id":3696,"href":"https:\/\/entresemillas.com\/blog\/wp-json\/wp\/v2\/posts\/3680\/revisions\/3696"}],"wp:featuredmedia":[{"embeddable":true,"href":"https:\/\/entresemillas.com\/blog\/wp-json\/wp\/v2\/media\/3681"}],"wp:attachment":[{"href":"https:\/\/entresemillas.com\/blog\/wp-json\/wp\/v2\/media?parent=3680"}],"wp:term":[{"taxonomy":"category","embeddable":true,"href":"https:\/\/entresemillas.com\/blog\/wp-json\/wp\/v2\/categories?post=3680"},{"taxonomy":"post_tag","embeddable":true,"href":"https:\/\/entresemillas.com\/blog\/wp-json\/wp\/v2\/tags?post=3680"}],"curies":[{"name":"wp","href":"https:\/\/api.w.org\/{rel}","templated":true}]}}