{"id":376,"date":"2016-03-25T11:07:07","date_gmt":"2016-03-25T11:07:07","guid":{"rendered":"http:\/\/entresemillas.com\/blog\/?p=376"},"modified":"2016-03-25T11:07:42","modified_gmt":"2016-03-25T11:07:42","slug":"pedidos-durante-la-feria-de-plantas-de-benalmadena","status":"publish","type":"post","link":"https:\/\/entresemillas.com\/blog\/pedidos-durante-la-feria-de-plantas-de-benalmadena\/","title":{"rendered":"Pedidos durante la Feria de plantas de Benalm\u00e1dena"},"content":{"rendered":"<p>Entre el 25 y 27 de marzo nos encontraremos en Benalm\u00e1dena, M\u00e1laga, en la X Feria de plantas de colecci\u00f3n que se celebra cada a\u00f1o en el Parque de La Paloma.<\/p>\n<p>Se podr\u00e1n\u00a0realizar pedidos a trav\u00e9s de la web como habitualmente, pero os informamos que durante\u00a0dichas fechas las plantas, bulbos y semillas podr\u00edan sufrir rotura de stock.<figure id=\"attachment_377\" aria-describedby=\"caption-attachment-377\" style=\"width: 300px\" class=\"wp-caption alignright\"><img loading=\"lazy\" decoding=\"async\" class=\"wp-image-377 size-medium\" src=\"https:\/\/entresemillas.com\/blog\/wp-content\/uploads\/2016\/03\/cactus_2015_22-300x225.jpg\" alt=\"cactus_2015_22\" width=\"300\" height=\"225\" srcset=\"https:\/\/entresemillas.com\/blog\/wp-content\/uploads\/2016\/03\/cactus_2015_22-300x225.jpg 300w, https:\/\/entresemillas.com\/blog\/wp-content\/uploads\/2016\/03\/cactus_2015_22.jpg 707w\" sizes=\"auto, (max-width: 300px) 100vw, 300px\" \/><figcaption id=\"caption-attachment-377\" class=\"wp-caption-text\">Foto: Ayto. Benalm\u00e1dena<\/figcaption><\/figure><\/p>\n<p>Si desea asegurarse la disponibilidad de alg\u00fan producto, por favor, contacte previamente a trav\u00e9s del <a href=\"http:\/\/entresemillas.com\/semillas\/es\/contactenos\">formulario<\/a>, por email (contacto@entresemillas.com) o trav\u00e9s de Whatsapp (644 264 772). Gracias.<\/p>\n","protected":false},"excerpt":{"rendered":"<p>Entre el 25 y 27 de marzo nos encontraremos en Benalm\u00e1dena, M\u00e1laga, en la X Feria de plantas de colecci\u00f3n [&hellip;]<\/p>\n","protected":false},"author":1,"featured_media":0,"comment_status":"open","ping_status":"closed","sticky":false,"template":"","format":"standard","meta":{"site-sidebar-layout":"default","site-content-layout":"","ast-site-content-layout":"default","site-content-style":"default","site-sidebar-style":"default","ast-global-header-display":"","ast-banner-title-visibility":"","ast-main-header-display":"","ast-hfb-above-header-display":"","ast-hfb-below-header-display":"","ast-hfb-mobile-header-display":"","site-post-title":"","ast-breadcrumbs-content":"","ast-featured-img":"","footer-sml-layout":"","ast-disable-related-posts":"","theme-transparent-header-meta":"","adv-header-id-meta":"","stick-header-meta":"","header-above-stick-meta":"","header-main-stick-meta":"","header-below-stick-meta":"","astra-migrate-meta-layouts":"default","ast-page-background-enabled":"default","ast-page-background-meta":{"desktop":{"background-color":"var(--ast-global-color-5)","background-image":"","background-repeat":"repeat","background-position":"center center","background-size":"auto","background-attachment":"scroll","background-type":"","background-media":"","overlay-type":"","overlay-color":"","overlay-opacity":"","overlay-gradient":""},"tablet":{"background-color":"","background-image":"","background-repeat":"repeat","background-position":"center center","background-size":"auto","background-attachment":"scroll","background-type":"","background-media":"","overlay-type":"","overlay-color":"","overlay-opacity":"","overlay-gradient":""},"mobile":{"background-color":"","background-image":"","background-repeat":"repeat","background-position":"center center","background-size":"auto","background-attachment":"scroll","background-type":"","background-media":"","overlay-type":"","overlay-color":"","overlay-opacity":"","overlay-gradient":""}},"ast-content-background-meta":{"desktop":{"background-color":"var(--ast-global-color-4)","background-image":"","background-repeat":"repeat","background-position":"center center","background-size":"auto","background-attachment":"scroll","background-type":"","background-media":"","overlay-type":"","overlay-color":"","overlay-opacity":"","overlay-gradient":""},"tablet":{"background-color":"var(--ast-global-color-4)","background-image":"","background-repeat":"repeat","background-position":"center center","background-size":"auto","background-attachment":"scroll","background-type":"","background-media":"","overlay-type":"","overlay-color":"","overlay-opacity":"","overlay-gradient":""},"mobile":{"background-color":"var(--ast-global-color-4)","background-image":"","background-repeat":"repeat","background-position":"center center","background-size":"auto","background-attachment":"scroll","background-type":"","background-media":"","overlay-type":"","overlay-color":"","overlay-opacity":"","overlay-gradient":""}},"footnotes":""},"categories":[1],"tags":[],"class_list":["post-376","post","type-post","status-publish","format-standard","hentry","category-uncategorized"],"_links":{"self":[{"href":"https:\/\/entresemillas.com\/blog\/wp-json\/wp\/v2\/posts\/376","targetHints":{"allow":["GET"]}}],"collection":[{"href":"https:\/\/entresemillas.com\/blog\/wp-json\/wp\/v2\/posts"}],"about":[{"href":"https:\/\/entresemillas.com\/blog\/wp-json\/wp\/v2\/types\/post"}],"author":[{"embeddable":true,"href":"https:\/\/entresemillas.com\/blog\/wp-json\/wp\/v2\/users\/1"}],"replies":[{"embeddable":true,"href":"https:\/\/entresemillas.com\/blog\/wp-json\/wp\/v2\/comments?post=376"}],"version-history":[{"count":2,"href":"https:\/\/entresemillas.com\/blog\/wp-json\/wp\/v2\/posts\/376\/revisions"}],"predecessor-version":[{"id":379,"href":"https:\/\/entresemillas.com\/blog\/wp-json\/wp\/v2\/posts\/376\/revisions\/379"}],"wp:attachment":[{"href":"https:\/\/entresemillas.com\/blog\/wp-json\/wp\/v2\/media?parent=376"}],"wp:term":[{"taxonomy":"category","embeddable":true,"href":"https:\/\/entresemillas.com\/blog\/wp-json\/wp\/v2\/categories?post=376"},{"taxonomy":"post_tag","embeddable":true,"href":"https:\/\/entresemillas.com\/blog\/wp-json\/wp\/v2\/tags?post=376"}],"curies":[{"name":"wp","href":"https:\/\/api.w.org\/{rel}","templated":true}]}}