{"id":3769,"date":"2022-09-19T01:19:43","date_gmt":"2022-09-18T23:19:43","guid":{"rendered":"https:\/\/entresemillas.com\/blog\/?p=3769"},"modified":"2022-09-19T01:21:45","modified_gmt":"2022-09-18T23:21:45","slug":"vi-feria-de-plantas-de-los-5-continentes-2022","status":"publish","type":"post","link":"https:\/\/entresemillas.com\/blog\/vi-feria-de-plantas-de-los-5-continentes-2022\/","title":{"rendered":"VI Feria de plantas de los 5 continentes (2022)"},"content":{"rendered":"\n<p>Tras un par\u00f3n de varios a\u00f1os tras la pandemia, vuelve la Feria de Plantas de los 5 continentes. Este a\u00f1o 2022 la feria se celebra los d\u00edas 1 y 2 de octubre.<\/p>\n\n\n\n<!--more-->\n\n\n\n<p>El Arboretum del Campus de la Universidad del Pa\u00eds Vasco, en Leioa (junto a Bilbao, Vizcaya), acoge de nuevo la feria de plantas en un entorno que cuenta con especies de plantas de los cinco continentes, sumando 1700 \u00e1rboles y arbustos plantados desde 2008, un paseo geol\u00f3gico y un anfiteatro para eventos, entre otras \u00e1reas.<\/p>\n\n\n\n<p>Cada a\u00f1o cerca de 40 expositores de distintos puntos de Espa\u00f1a y Francia presentan sus mejores plantas y las personas aficionadas a las plantas de colecci\u00f3n.<\/p>\n\n\n\n<div class=\"wp-block-uagb-icon-list uagb-icon-list__outer-wrap uagb-icon-list__layout-vertical uagb-block-affff8ca\"><div class=\"uagb-icon-list__wrap\">\n<div class=\"wp-block-uagb-icon-list-child uagb-icon-list-repeater uagb-icon-list__wrapper uagb-block-02088bd5\"><div class=\"uagb-icon-list__content-wrap\"><span class=\"uagb-icon-list__source-wrap\"><span class=\"uagb-icon-list__source-icon\"><svg xmlns=\"http:\/\/www.w3.org\/2000\/svg\" viewbox=\"0 0 448 512\"><path d=\"M436 160H12c-6.6 0-12-5.4-12-12v-36c0-26.5 21.5-48 48-48h48V12c0-6.6 5.4-12 12-12h40c6.6 0 12 5.4 12 12v52h128V12c0-6.6 5.4-12 12-12h40c6.6 0 12 5.4 12 12v52h48c26.5 0 48 21.5 48 48v36c0 6.6-5.4 12-12 12zM12 192h424c6.6 0 12 5.4 12 12v260c0 26.5-21.5 48-48 48H48c-26.5 0-48-21.5-48-48V204c0-6.6 5.4-12 12-12zm257.3 160l48.1-48.1c4.7-4.7 4.7-12.3 0-17l-28.3-28.3c-4.7-4.7-12.3-4.7-17 0L224 306.7l-48.1-48.1c-4.7-4.7-12.3-4.7-17 0l-28.3 28.3c-4.7 4.7-4.7 12.3 0 17l48.1 48.1-48.1 48.1c-4.7 4.7-4.7 12.3 0 17l28.3 28.3c4.7 4.7 12.3 4.7 17 0l48.1-48.1 48.1 48.1c4.7 4.7 12.3 4.7 17 0l28.3-28.3c4.7-4.7 4.7-12.3 0-17L269.3 352z\"><\/path><\/svg><\/span><\/span><div class=\"uagb-icon-list__label-wrap\"><span class=\"uagb-icon-list__label\"><strong>Fecha: <\/strong>1 y 2 de octubre (2022)<\/span><\/div><\/div><\/div>\n\n\n\n<div class=\"wp-block-uagb-icon-list-child uagb-icon-list-repeater uagb-icon-list__wrapper uagb-block-a157a5b5\"><div class=\"uagb-icon-list__content-wrap\"><span class=\"uagb-icon-list__source-wrap\"><span class=\"uagb-icon-list__source-icon\"><svg xmlns=\"http:\/\/www.w3.org\/2000\/svg\" viewbox=\"0 0 512 512\"><path d=\"M256,8C119,8,8,119,8,256S119,504,256,504,504,393,504,256,393,8,256,8Zm92.49,313h0l-20,25a16,16,0,0,1-22.49,2.5h0l-67-49.72a40,40,0,0,1-15-31.23V112a16,16,0,0,1,16-16h32a16,16,0,0,1,16,16V256l58,42.5A16,16,0,0,1,348.49,321Z\"><\/path><\/svg><\/span><\/span><div class=\"uagb-icon-list__label-wrap\"><span class=\"uagb-icon-list__label\"><strong>Horario:<\/strong> 10:00 a 18:00h<\/span><\/div><\/div><\/div>\n\n\n\n<div class=\"wp-block-uagb-icon-list-child uagb-icon-list-repeater uagb-icon-list__wrapper uagb-block-427c6347\"><div class=\"uagb-icon-list__content-wrap\"><span class=\"uagb-icon-list__source-wrap\"><span class=\"uagb-icon-list__source-icon\"><svg xmlns=\"http:\/\/www.w3.org\/2000\/svg\" viewbox=\"0 0 512 512\"><path d=\"M256 8c137 0 248 111 248 248S393 504 256 504 8 393 8 256 119 8 256 8zm-28.9 143.6l75.5 72.4H120c-13.3 0-24 10.7-24 24v16c0 13.3 10.7 24 24 24h182.6l-75.5 72.4c-9.7 9.3-9.9 24.8-.4 34.3l11 10.9c9.4 9.4 24.6 9.4 33.9 0L404.3 273c9.4-9.4 9.4-24.6 0-33.9L271.6 106.3c-9.4-9.4-24.6-9.4-33.9 0l-11 10.9c-9.5 9.6-9.3 25.1.4 34.4z\"><\/path><\/svg><\/span><\/span><div class=\"uagb-icon-list__label-wrap\"><span class=\"uagb-icon-list__label\"><strong>Entrada:<\/strong> 1\u20ac (menores de 12 a\u00f1os gratis)<\/span><\/div><\/div><\/div>\n\n\n\n<div class=\"wp-block-uagb-icon-list-child uagb-icon-list-repeater uagb-icon-list__wrapper uagb-block-a88321f4\"><div class=\"uagb-icon-list__content-wrap\"><span class=\"uagb-icon-list__source-wrap\"><span class=\"uagb-icon-list__source-icon\"><svg xmlns=\"http:\/\/www.w3.org\/2000\/svg\" viewbox=\"0 0 512 512\"><path d=\"M444.52 3.52L28.74 195.42c-47.97 22.39-31.98 92.75 19.19 92.75h175.91v175.91c0 51.17 70.36 67.17 92.75 19.19l191.9-415.78c15.99-38.39-25.59-79.97-63.97-63.97z\"><\/path><\/svg><\/span><\/span><div class=\"uagb-icon-list__label-wrap\"><span class=\"uagb-icon-list__label\"><strong>Lugar:<\/strong> Arboretum UPV\/EHU<\/span><\/div><\/div><\/div>\n<\/div><\/div>\n\n\n\n<p>Este evento que organiza el Departamento de Sostenibilidad y Medio Natural de la Diputaci\u00f3n Foral de Bizkaia y la Universidad del Pa\u00eds Vasco cuenta con un servicio gratuito de autobuses desde Erandio y Leioa en el horario que dura la feria (de 10:00 a 18:00 tanto s\u00e1bado como domingo).<\/p>\n\n\n\n<p>Este a\u00f1o <a href=\"https:\/\/entresemillas.com\">EntreSemillas<\/a> participar\u00e1 como expositor con una selecci\u00f3n de semillas de todo el mundo que llevaremos al Arboretum desde M\u00e1laga.<\/p>\n\n\n\n<figure class=\"wp-block-image size-large is-resized\"><a href=\"https:\/\/entresemillas.com\/blog\/wp-content\/uploads\/2022\/09\/cartel-feria-plantas-5-continentes-2022-completo.jpg\"><img loading=\"lazy\" decoding=\"async\" src=\"https:\/\/entresemillas.com\/blog\/wp-content\/uploads\/2022\/09\/cartel-feria-plantas-5-continentes-2022-completo-724x1024.jpg\" alt=\"Cartel VI Feria de plantas de los 5 continentes 2022\" class=\"wp-image-3771\" width=\"724\" height=\"1024\" srcset=\"https:\/\/entresemillas.com\/blog\/wp-content\/uploads\/2022\/09\/cartel-feria-plantas-5-continentes-2022-completo-724x1024.jpg 724w, https:\/\/entresemillas.com\/blog\/wp-content\/uploads\/2022\/09\/cartel-feria-plantas-5-continentes-2022-completo-212x300.jpg 212w, https:\/\/entresemillas.com\/blog\/wp-content\/uploads\/2022\/09\/cartel-feria-plantas-5-continentes-2022-completo-768x1087.jpg 768w, https:\/\/entresemillas.com\/blog\/wp-content\/uploads\/2022\/09\/cartel-feria-plantas-5-continentes-2022-completo-200x283.jpg 200w, https:\/\/entresemillas.com\/blog\/wp-content\/uploads\/2022\/09\/cartel-feria-plantas-5-continentes-2022-completo-400x566.jpg 400w, https:\/\/entresemillas.com\/blog\/wp-content\/uploads\/2022\/09\/cartel-feria-plantas-5-continentes-2022-completo-600x849.jpg 600w, https:\/\/entresemillas.com\/blog\/wp-content\/uploads\/2022\/09\/cartel-feria-plantas-5-continentes-2022-completo.jpg 800w\" sizes=\"auto, (max-width: 724px) 100vw, 724px\" \/><\/a><\/figure>\n\n\n\n<p>Puedes encontrar m\u00e1s info en la <a href=\"https:\/\/www.ehu.eus\/es\/web\/bizkaia\/munduko-landareen-azoka\" target=\"_blank\" rel=\"noreferrer noopener\">web de la Universidad del Pa\u00eds Vasco<\/a>.<\/p>\n\n\n\n<p>Ver mapa de la localizaci\u00f3n del Arboretum: <a href=\"https:\/\/goo.gl\/maps\/uurshvYWqjaTWwn1A\">https:\/\/goo.gl\/maps\/uurshvYWqjaTWwn1A<\/a><\/p>\n\n\n\n<p><em>\u00a1Os esperamos!<\/em><\/p>\n","protected":false},"excerpt":{"rendered":"<p>Tras un par\u00f3n de varios a\u00f1os tras la pandemia, vuelve la Feria de Plantas de los 5 continentes. Este a\u00f1o [&hellip;]<\/p>\n","protected":false},"author":1,"featured_media":3770,"comment_status":"open","ping_status":"closed","sticky":false,"template":"","format":"standard","meta":{"site-sidebar-layout":"default","site-content-layout":"","ast-site-content-layout":"default","site-content-style":"default","site-sidebar-style":"default","ast-global-header-display":"","ast-banner-title-visibility":"","ast-main-header-display":"","ast-hfb-above-header-display":"","ast-hfb-below-header-display":"","ast-hfb-mobile-header-display":"","site-post-title":"","ast-breadcrumbs-content":"","ast-featured-img":"","footer-sml-layout":"","ast-disable-related-posts":"","theme-transparent-header-meta":"","adv-header-id-meta":"","stick-header-meta":"","header-above-stick-meta":"","header-main-stick-meta":"","header-below-stick-meta":"","astra-migrate-meta-layouts":"default","ast-page-background-enabled":"default","ast-page-background-meta":{"desktop":{"background-color":"var(--ast-global-color-5)","background-image":"","background-repeat":"repeat","background-position":"center center","background-size":"auto","background-attachment":"scroll","background-type":"","background-media":"","overlay-type":"","overlay-color":"","overlay-opacity":"","overlay-gradient":""},"tablet":{"background-color":"","background-image":"","background-repeat":"repeat","background-position":"center center","background-size":"auto","background-attachment":"scroll","background-type":"","background-media":"","overlay-type":"","overlay-color":"","overlay-opacity":"","overlay-gradient":""},"mobile":{"background-color":"","background-image":"","background-repeat":"repeat","background-position":"center center","background-size":"auto","background-attachment":"scroll","background-type":"","background-media":"","overlay-type":"","overlay-color":"","overlay-opacity":"","overlay-gradient":""}},"ast-content-background-meta":{"desktop":{"background-color":"var(--ast-global-color-4)","background-image":"","background-repeat":"repeat","background-position":"center center","background-size":"auto","background-attachment":"scroll","background-type":"","background-media":"","overlay-type":"","overlay-color":"","overlay-opacity":"","overlay-gradient":""},"tablet":{"background-color":"var(--ast-global-color-4)","background-image":"","background-repeat":"repeat","background-position":"center center","background-size":"auto","background-attachment":"scroll","background-type":"","background-media":"","overlay-type":"","overlay-color":"","overlay-opacity":"","overlay-gradient":""},"mobile":{"background-color":"var(--ast-global-color-4)","background-image":"","background-repeat":"repeat","background-position":"center center","background-size":"auto","background-attachment":"scroll","background-type":"","background-media":"","overlay-type":"","overlay-color":"","overlay-opacity":"","overlay-gradient":""}},"footnotes":""},"categories":[29],"tags":[400,399],"class_list":["post-3769","post","type-post","status-publish","format-standard","has-post-thumbnail","hentry","category-noticias","tag-exposicion-de-plantas","tag-feria-de-plantas"],"_links":{"self":[{"href":"https:\/\/entresemillas.com\/blog\/wp-json\/wp\/v2\/posts\/3769","targetHints":{"allow":["GET"]}}],"collection":[{"href":"https:\/\/entresemillas.com\/blog\/wp-json\/wp\/v2\/posts"}],"about":[{"href":"https:\/\/entresemillas.com\/blog\/wp-json\/wp\/v2\/types\/post"}],"author":[{"embeddable":true,"href":"https:\/\/entresemillas.com\/blog\/wp-json\/wp\/v2\/users\/1"}],"replies":[{"embeddable":true,"href":"https:\/\/entresemillas.com\/blog\/wp-json\/wp\/v2\/comments?post=3769"}],"version-history":[{"count":2,"href":"https:\/\/entresemillas.com\/blog\/wp-json\/wp\/v2\/posts\/3769\/revisions"}],"predecessor-version":[{"id":3773,"href":"https:\/\/entresemillas.com\/blog\/wp-json\/wp\/v2\/posts\/3769\/revisions\/3773"}],"wp:featuredmedia":[{"embeddable":true,"href":"https:\/\/entresemillas.com\/blog\/wp-json\/wp\/v2\/media\/3770"}],"wp:attachment":[{"href":"https:\/\/entresemillas.com\/blog\/wp-json\/wp\/v2\/media?parent=3769"}],"wp:term":[{"taxonomy":"category","embeddable":true,"href":"https:\/\/entresemillas.com\/blog\/wp-json\/wp\/v2\/categories?post=3769"},{"taxonomy":"post_tag","embeddable":true,"href":"https:\/\/entresemillas.com\/blog\/wp-json\/wp\/v2\/tags?post=3769"}],"curies":[{"name":"wp","href":"https:\/\/api.w.org\/{rel}","templated":true}]}}