{"id":392,"date":"2016-04-10T18:00:55","date_gmt":"2016-04-10T16:00:55","guid":{"rendered":"http:\/\/entresemillas.com\/blog\/?p=392"},"modified":"2023-07-04T20:08:53","modified_gmt":"2023-07-04T18:08:53","slug":"arbol-del-neem-propiedades-y-usos","status":"publish","type":"post","link":"https:\/\/entresemillas.com\/blog\/arbol-del-neem-propiedades-y-usos\/","title":{"rendered":"\u00c1rbol del Neem: propiedades y usos."},"content":{"rendered":"\n<p>Si hay un \u00e1rbol que nos demandan mucho es el <strong>\u00c1rbol del Neem<\/strong> (<em>Azadirachta indica<\/em>), de r\u00e1pido crecimiento, muy resistente a la sequ\u00eda y del cual se utilizan sus extractos. <\/p>\n\n\n\n<!--more-->\n\n\n\n<figure class=\"wp-block-image size-large\"><img loading=\"lazy\" decoding=\"async\" width=\"1024\" height=\"683\" src=\"https:\/\/entresemillas.com\/blog\/wp-content\/uploads\/2016\/04\/neem-mariposa-1024x683.jpg\" alt=\"Arbol del neem\" class=\"wp-image-2348\" srcset=\"https:\/\/entresemillas.com\/blog\/wp-content\/uploads\/2016\/04\/neem-mariposa-1024x683.jpg 1024w, https:\/\/entresemillas.com\/blog\/wp-content\/uploads\/2016\/04\/neem-mariposa-300x200.jpg 300w, https:\/\/entresemillas.com\/blog\/wp-content\/uploads\/2016\/04\/neem-mariposa-768x512.jpg 768w, https:\/\/entresemillas.com\/blog\/wp-content\/uploads\/2016\/04\/neem-mariposa-600x400.jpg 600w, https:\/\/entresemillas.com\/blog\/wp-content\/uploads\/2016\/04\/neem-mariposa.jpg 1280w\" sizes=\"auto, (max-width: 1024px) 100vw, 1024px\" \/><\/figure>\n\n\n<style>.wp-block-kadence-advancedheading.kt-adv-heading_48c23d-5e, .wp-block-kadence-advancedheading.kt-adv-heading_48c23d-5e[data-kb-block=\"kb-adv-heading_48c23d-5e\"]{margin-top:60px;margin-bottom:30px;font-weight:normal;font-style:normal;}.wp-block-kadence-advancedheading.kt-adv-heading_48c23d-5e mark.kt-highlight, .wp-block-kadence-advancedheading.kt-adv-heading_48c23d-5e[data-kb-block=\"kb-adv-heading_48c23d-5e\"] mark.kt-highlight{font-weight:normal;font-style:normal;color:#f76a0c;-webkit-box-decoration-break:clone;box-decoration-break:clone;padding-top:0px;padding-right:0px;padding-bottom:0px;padding-left:0px;}.wp-block-kadence-advancedheading.kt-adv-heading_48c23d-5e img.kb-inline-image, .wp-block-kadence-advancedheading.kt-adv-heading_48c23d-5e[data-kb-block=\"kb-adv-heading_48c23d-5e\"] img.kb-inline-image{width:150px;vertical-align:baseline;}<\/style>\n<h2 class=\"kt-adv-heading_48c23d-5e wp-block-kadence-advancedheading\" data-kb-block=\"kb-adv-heading_48c23d-5e\">Sobre el \u00c1rbol del Neem<\/h2>\n\n\n\n<p>El \u00e1rbol del Neem es originario de las regiones tropicales y subtropicales de India y Birmania. Introducido en otros pa\u00edses asi\u00e1ticos, \u00c1frica, Australia y Am\u00e9rica. <\/p>\n\n\n\n<p>Pocas veces puede encontrarse esta especie disponible en el mercado, quiz\u00e1s en forma de semillas, pero su origen y viabilidad es altamente dudosa. Decimos que tiene poca viabilidad porque apenas duran unas semanas o un mes m\u00e1ximo desde que son recolectadas hasta que se empiezan a secar y, por lo tanto, deberemos asegurarnos de que desde la recolecci\u00f3n hasta la siembre no haya pasado demasiado tiempo. <\/p>\n\n\n<style>.wp-block-kadence-advancedheading.kt-adv-heading_21253f-66, .wp-block-kadence-advancedheading.kt-adv-heading_21253f-66[data-kb-block=\"kb-adv-heading_21253f-66\"]{font-weight:normal;font-style:normal;}.wp-block-kadence-advancedheading.kt-adv-heading_21253f-66 mark.kt-highlight, .wp-block-kadence-advancedheading.kt-adv-heading_21253f-66[data-kb-block=\"kb-adv-heading_21253f-66\"] mark.kt-highlight{font-weight:normal;font-style:normal;color:#f76a0c;-webkit-box-decoration-break:clone;box-decoration-break:clone;padding-top:0px;padding-right:0px;padding-bottom:0px;padding-left:0px;}.wp-block-kadence-advancedheading.kt-adv-heading_21253f-66 img.kb-inline-image, .wp-block-kadence-advancedheading.kt-adv-heading_21253f-66[data-kb-block=\"kb-adv-heading_21253f-66\"] img.kb-inline-image{width:150px;vertical-align:baseline;}<\/style>\n<h3 class=\"kt-adv-heading_21253f-66 wp-block-kadence-advancedheading\" data-kb-block=\"kb-adv-heading_21253f-66\">Usos y propiedades<\/h3>\n\n\n\n<p>Este \u00e1rbol es conocido por sus extractos insecticidas, ya que act\u00faan contra los insectos de forma natural impidiendo alcanzar la madurez. En la industria es usado en jabones sustituyendo al aceite de coco y como fertilizante org\u00e1nico, por ser superior al esti\u00e9rcol.<\/p>\n\n\n\n<p>Adem\u00e1s, sus extractos medicinales est\u00e1n siendo estudiados para ver su efectividad en la enfermedad de Alzheimer. En concreto, el extracto llamado <em>aqueous<\/em> pro sus propiedades hipogluc\u00e9micas, antiulcerosas, antiinflamatorias y antiestr\u00e9s.<\/p>\n\n\n<style>.wp-block-kadence-advancedheading.kt-adv-heading_feb5f1-8d, .wp-block-kadence-advancedheading.kt-adv-heading_feb5f1-8d[data-kb-block=\"kb-adv-heading_feb5f1-8d\"]{margin-top:60px;margin-bottom:30px;font-weight:normal;font-style:normal;}.wp-block-kadence-advancedheading.kt-adv-heading_feb5f1-8d mark.kt-highlight, .wp-block-kadence-advancedheading.kt-adv-heading_feb5f1-8d[data-kb-block=\"kb-adv-heading_feb5f1-8d\"] mark.kt-highlight{font-weight:normal;font-style:normal;color:#f76a0c;-webkit-box-decoration-break:clone;box-decoration-break:clone;padding-top:0px;padding-right:0px;padding-bottom:0px;padding-left:0px;}.wp-block-kadence-advancedheading.kt-adv-heading_feb5f1-8d img.kb-inline-image, .wp-block-kadence-advancedheading.kt-adv-heading_feb5f1-8d[data-kb-block=\"kb-adv-heading_feb5f1-8d\"] img.kb-inline-image{width:150px;vertical-align:baseline;}<\/style>\n<h3 class=\"kt-adv-heading_feb5f1-8d wp-block-kadence-advancedheading\" data-kb-block=\"kb-adv-heading_feb5f1-8d\">La planta <\/h3>\n\n\n\n<div class=\"wp-block-media-text has-media-on-the-right is-stacked-on-mobile is-vertically-aligned-top\"><figure class=\"wp-block-media-text__media\"><img loading=\"lazy\" decoding=\"async\" width=\"384\" height=\"650\" src=\"https:\/\/entresemillas.com\/blog\/wp-content\/uploads\/2016\/04\/neem3.jpg\" alt=\"comprar neem \u00e1rbol del neem\" class=\"wp-image-394 size-full\" srcset=\"https:\/\/entresemillas.com\/blog\/wp-content\/uploads\/2016\/04\/neem3.jpg 384w, https:\/\/entresemillas.com\/blog\/wp-content\/uploads\/2016\/04\/neem3-177x300.jpg 177w\" sizes=\"auto, (max-width: 384px) 100vw, 384px\" \/><\/figure><div class=\"wp-block-media-text__content\">\n<p>Prefieren los ambientes soleados. Aunque, pueden tolerar una sombra bastante fuerte durante sus primeros a\u00f1os, luego requieren grandes cantidades de luz.<\/p>\n\n\n\n<p>Crece mejor en \u00e1reas donde las temperaturas diurnas anuales est\u00e1n dentro del rango de 26\u00ba &#8211; 40\u00baC, pero puede tolerar 14\u00ba &#8211; 46\u00baC.<\/p>\n\n\n\n<p>Las plantas maduras toleran algunas heladas, pero las pl\u00e1ntulas son m\u00e1s sensibles.<\/p>\n\n\n\n<p>Una vez, establecido, tolera suelos pobres y es tolerante a la sequ\u00eda.<\/p>\n\n\n\n<p>Es un \u00e1rbol de crecimiento r\u00e1pido, alcanzando de 4-7 metros en 3 a\u00f1os y de 5-11 metros en 7 a\u00f1os.<\/p>\n\n\n\n<p>Entres sus propiedades medicinales, contiene varias sustancias activas: meliacinas, amargos triterpenoides, taninos, flavonoides y azadirachtin&nbsp;(antioxidante).<\/p>\n<\/div><\/div>\n\n\n<style>.wp-block-kadence-advancedheading.kt-adv-heading_9baea7-a1, .wp-block-kadence-advancedheading.kt-adv-heading_9baea7-a1[data-kb-block=\"kb-adv-heading_9baea7-a1\"]{margin-top:60px;margin-bottom:30px;font-weight:normal;font-style:normal;}.wp-block-kadence-advancedheading.kt-adv-heading_9baea7-a1 mark.kt-highlight, .wp-block-kadence-advancedheading.kt-adv-heading_9baea7-a1[data-kb-block=\"kb-adv-heading_9baea7-a1\"] mark.kt-highlight{font-weight:normal;font-style:normal;color:#f76a0c;-webkit-box-decoration-break:clone;box-decoration-break:clone;padding-top:0px;padding-right:0px;padding-bottom:0px;padding-left:0px;}.wp-block-kadence-advancedheading.kt-adv-heading_9baea7-a1 img.kb-inline-image, .wp-block-kadence-advancedheading.kt-adv-heading_9baea7-a1[data-kb-block=\"kb-adv-heading_9baea7-a1\"] img.kb-inline-image{width:150px;vertical-align:baseline;}<\/style>\n<h3 class=\"kt-adv-heading_9baea7-a1 wp-block-kadence-advancedheading\" data-kb-block=\"kb-adv-heading_9baea7-a1\">Los frutos, flores y semillas del \u00c1rbol del Neem<\/h3>\n\n\n\n<div class=\"wp-block-media-text has-media-on-the-right is-stacked-on-mobile is-vertically-aligned-top\"><figure class=\"wp-block-media-text__media\"><a href=\"https:\/\/commons.wikimedia.org\/w\/index.php?curid=64322763\"><img loading=\"lazy\" decoding=\"async\" width=\"1024\" height=\"678\" src=\"https:\/\/entresemillas.com\/blog\/wp-content\/uploads\/2016\/04\/1087px-Neem_from_Thiruppainjeeli_Temple_JEG0250-1024x678.jpg\" alt=\"frutos del neem\" class=\"wp-image-2344 size-full\" srcset=\"https:\/\/entresemillas.com\/blog\/wp-content\/uploads\/2016\/04\/1087px-Neem_from_Thiruppainjeeli_Temple_JEG0250-1024x678.jpg 1024w, https:\/\/entresemillas.com\/blog\/wp-content\/uploads\/2016\/04\/1087px-Neem_from_Thiruppainjeeli_Temple_JEG0250-300x199.jpg 300w, https:\/\/entresemillas.com\/blog\/wp-content\/uploads\/2016\/04\/1087px-Neem_from_Thiruppainjeeli_Temple_JEG0250-768x509.jpg 768w, https:\/\/entresemillas.com\/blog\/wp-content\/uploads\/2016\/04\/1087px-Neem_from_Thiruppainjeeli_Temple_JEG0250.jpg 1087w\" sizes=\"auto, (max-width: 1024px) 100vw, 1024px\" \/><\/a><\/figure><div class=\"wp-block-media-text__content\">\n<p><strong>Frutos del Neem<\/strong><\/p>\n\n\n\n<p>Lo frutos se parecen a la aceituna, de forma ovalada (m\u00e1s o menos redondo). Al madurar, pueden medir hasta 28x15mm. La c\u00e1scara es de color blanco amarillento y dulce, pero desagradable al paladar. Su&nbsp;<a href=\"https:\/\/es.wikipedia.org\/wiki\/Epicarpio\">epicarpio<\/a>&nbsp;es delgado, el mesocarpio es blanco amarillento, fibroso y sabe dulce, pero es desagradable al gusto.<\/p>\n<\/div><\/div>\n\n\n\n<div class=\"wp-block-media-text has-media-on-the-right is-stacked-on-mobile is-vertically-aligned-top\"><figure class=\"wp-block-media-text__media\"><a href=\"https:\/\/commons.wikimedia.org\/w\/index.php?curid=62064470\"><img loading=\"lazy\" decoding=\"async\" width=\"522\" height=\"417\" src=\"https:\/\/entresemillas.com\/blog\/wp-content\/uploads\/2016\/04\/Collection_of_Azadirachta_indica_Neem_seeds_for_the_preparation_of_Seed_balls.jpg\" alt=\"semillas \" class=\"wp-image-2343 size-full\" srcset=\"https:\/\/entresemillas.com\/blog\/wp-content\/uploads\/2016\/04\/Collection_of_Azadirachta_indica_Neem_seeds_for_the_preparation_of_Seed_balls.jpg 522w, https:\/\/entresemillas.com\/blog\/wp-content\/uploads\/2016\/04\/Collection_of_Azadirachta_indica_Neem_seeds_for_the_preparation_of_Seed_balls-300x240.jpg 300w\" sizes=\"auto, (max-width: 522px) 100vw, 522px\" \/><\/a><\/figure><div class=\"wp-block-media-text__content\">\n<p><strong>Las semillas del Neem<\/strong><\/p>\n\n\n\n<p>\u00c9stas, se encuentran dentro del fruto, aunque como mucho contendr\u00e1n hasta 3 semillas pro fruto. <\/p>\n<\/div><\/div>\n\n\n\n<div class=\"wp-block-media-text has-media-on-the-right is-stacked-on-mobile is-vertically-aligned-top\"><figure class=\"wp-block-media-text__media\"><a href=\"https:\/\/commons.wikimedia.org\/w\/index.php?curid=76736996\"><img loading=\"lazy\" decoding=\"async\" width=\"1024\" height=\"745\" src=\"https:\/\/entresemillas.com\/blog\/wp-content\/uploads\/2016\/04\/Azadirachta_indica_-_Neem_at_Tenkasi_2014_4-1024x745.jpg\" alt=\"flores \" class=\"wp-image-2342 size-full\" srcset=\"https:\/\/entresemillas.com\/blog\/wp-content\/uploads\/2016\/04\/Azadirachta_indica_-_Neem_at_Tenkasi_2014_4-1024x745.jpg 1024w, https:\/\/entresemillas.com\/blog\/wp-content\/uploads\/2016\/04\/Azadirachta_indica_-_Neem_at_Tenkasi_2014_4-300x218.jpg 300w, https:\/\/entresemillas.com\/blog\/wp-content\/uploads\/2016\/04\/Azadirachta_indica_-_Neem_at_Tenkasi_2014_4-768x559.jpg 768w, https:\/\/entresemillas.com\/blog\/wp-content\/uploads\/2016\/04\/Azadirachta_indica_-_Neem_at_Tenkasi_2014_4-1536x1117.jpg 1536w, https:\/\/entresemillas.com\/blog\/wp-content\/uploads\/2016\/04\/Azadirachta_indica_-_Neem_at_Tenkasi_2014_4-2048x1490.jpg 2048w\" sizes=\"auto, (max-width: 1024px) 100vw, 1024px\" \/><\/a><\/figure><div class=\"wp-block-media-text__content\">\n<p><strong>Las flores del Neem<\/strong><\/p>\n\n\n\n<p>Las flores, como ves en la foto, son de color blanco. Desprenden aroma y se presentan axialmente, midiendo m\u00e1s de 25 cent\u00edmetros de longitud. En periodos diferentes, pueden presentar tanto flores masculinas como femeninas. <\/p>\n<\/div><\/div>\n\n\n\n<div class=\"wp-block-group is-layout-flow wp-block-group-is-layout-flow\">\n<hr class=\"wp-block-separator\"\/>\n\n\n<style>.wp-block-kadence-advancedheading.kt-adv-heading_d283c7-d0, .wp-block-kadence-advancedheading.kt-adv-heading_d283c7-d0[data-kb-block=\"kb-adv-heading_d283c7-d0\"]{margin-top:60px;text-align:center;font-weight:normal;font-style:normal;}.wp-block-kadence-advancedheading.kt-adv-heading_d283c7-d0 mark.kt-highlight, .wp-block-kadence-advancedheading.kt-adv-heading_d283c7-d0[data-kb-block=\"kb-adv-heading_d283c7-d0\"] mark.kt-highlight{font-weight:normal;font-style:normal;color:#f76a0c;-webkit-box-decoration-break:clone;box-decoration-break:clone;padding-top:0px;padding-right:0px;padding-bottom:0px;padding-left:0px;}.wp-block-kadence-advancedheading.kt-adv-heading_d283c7-d0 img.kb-inline-image, .wp-block-kadence-advancedheading.kt-adv-heading_d283c7-d0[data-kb-block=\"kb-adv-heading_d283c7-d0\"] img.kb-inline-image{width:150px;vertical-align:baseline;}<\/style>\n<h3 class=\"kt-adv-heading_d283c7-d0 wp-block-kadence-advancedheading\" data-kb-block=\"kb-adv-heading_d283c7-d0\">\u00c1rbol del Neem en EntreSemillas<\/h3>\n\n\n\n<div class=\"wp-block-buttons is-layout-flex wp-block-buttons-is-layout-flex\">\n<div class=\"wp-block-button\"><a class=\"wp-block-button__link\" href=\"https:\/\/entresemillas.com\/plantas\/1088-arbol-neem-azadirachta-indica-planta.html\">Comprar una planta de Neem<\/a><\/div>\n<\/div>\n\n\n\n<p><span style=\"color: #ffffff;\" class=\"ugb-highlight\">\u00c1rbol del Neem Comprar Espa\u00f1a<\/span><\/p>\n\n\n\n<hr class=\"wp-block-separator\"\/>\n<\/div>\n\n\n\n<div class=\"wp-block-ugb-accordion ugb-accordion ugb-cf34f3d ugb-a77b780 ugb-accordion--v2 ugb-accordion--design-basic ugb-main-block\" aria-expanded=\"false\"><div class=\"ugb-inner-block\"><div class=\"ugb-block-content\"><div class=\"ugb-accordion__item\"><div class=\"ugb-accordion__heading\" role=\"button\" tabindex=\"0\"><h4 class=\"ugb-accordion__title\">Bibliograf\u00eda<\/h4><svg xmlns=\"http:\/\/www.w3.org\/2000\/svg\" viewbox=\"0 0 20 20\" class=\"ugb-accordion__arrow\" width=\"20\" height=\"20\"><path d=\"M16.7 3.3L10 10 3.3 3.4 0 6.7l10 10v-.1l10-9.9z\"><\/path><\/svg><\/div><div class=\"ugb-accordion__content\" role=\"region\"><div class=\"ugb-accordion__content-inner\">\n<p>Biney EE, Nkoom M, Darkwah WK, Puplampu JB. High-performance liquid chromatography analysis and antioxidant activities of extract of&nbsp;<em>Azadirachta indica<\/em>&nbsp;(Neem) leaves. Phcog Res 2020;12:29-34<\/p>\n\n\n\n<p><a rel=\"noreferrer noopener\" href=\"https:\/\/pfaf.org\/user\/Plant.aspx?LatinName=Azadirachta+indica\" target=\"_blank\">Pfaf<\/a>: Azadirachta indica &#8211; A.Juss.<\/p>\n\n\n\n<p>Singh T.B. et al. (2020) Role of Organic Fertilizers in Improving Soil Fertility. In: Naeem M., Ansari A., Gill S. (eds) Contaminants in Agriculture. Springer, Cham<\/p>\n\n\n\n<p>Singh, A., Agarwal, S., &amp; Singh, S. (2020). Age related neurodegenerative Alzheimer\u2019s disease: Usage of traditional herbs in therapeutics.&nbsp;<em>Neuroscience Letters<\/em>,&nbsp;<em>717<\/em>, 134679. doi: 10.1016\/j.neulet.2019.134679<\/p>\n<\/div><\/div><\/div><\/div><\/div><\/div>\n\n\n\n<hr class=\"wp-block-separator\"\/>\n\n\n\n<div style=\"text-align:center\" class=\"wp-block-genesis-blocks-gb-cta gb-block-cta\"><div class=\"gb-cta-image-wrap\"><img decoding=\"async\" class=\"gb-cta-image has-background-dim\" src=\"https:\/\/entresemillas.com\/blog\/wp-content\/uploads\/2020\/05\/sliderFondo.jpg\" alt=\"\"\/><\/div><div class=\"gb-cta-content\"><h2 class=\"gb-cta-title gb-font-size-32\" style=\"color:#32373c\">Descubre nuestras semillas y plantas<\/h2><div class=\"gb-cta-text gb-font-size-32\" style=\"color:#32373c\"><p>Semillas ex\u00f3ticas, hort\u00edcolas, plantas de interior y mucho m\u00e1s<\/p><\/div><\/div><div class=\"gb-cta-button\"><a href=\"https:\/\/entresemillas.com\/\" target=\"_self\" rel=\"noopener noreferrer\" class=\"gb-button gb-button-shape-rounded gb-button-size-medium\" style=\"color:#ffffff;background-color:#81c14b\">Ir a la tienda<\/a><\/div><\/div>\n\n\n\n<hr class=\"wp-block-separator\"\/>\n\n\n\n<div class=\"wp-block-group is-layout-flow wp-block-group-is-layout-flow\"><style>.wp-block-kadence-advancedheading.kt-adv-heading_1ee4eb-5a, .wp-block-kadence-advancedheading.kt-adv-heading_1ee4eb-5a[data-kb-block=\"kb-adv-heading_1ee4eb-5a\"]{text-align:center;font-size:32px;font-weight:bold;font-style:normal;}.wp-block-kadence-advancedheading.kt-adv-heading_1ee4eb-5a mark.kt-highlight, .wp-block-kadence-advancedheading.kt-adv-heading_1ee4eb-5a[data-kb-block=\"kb-adv-heading_1ee4eb-5a\"] mark.kt-highlight{font-weight:normal;font-style:normal;color:#f76a0c;-webkit-box-decoration-break:clone;box-decoration-break:clone;padding-top:0px;padding-right:0px;padding-bottom:0px;padding-left:0px;}.wp-block-kadence-advancedheading.kt-adv-heading_1ee4eb-5a img.kb-inline-image, .wp-block-kadence-advancedheading.kt-adv-heading_1ee4eb-5a[data-kb-block=\"kb-adv-heading_1ee4eb-5a\"] img.kb-inline-image{width:150px;vertical-align:baseline;}<\/style>\n<h2 class=\"kt-adv-heading_1ee4eb-5a wp-block-kadence-advancedheading has-vivid-red-color has-text-color\" data-kb-block=\"kb-adv-heading_1ee4eb-5a\"><strong>\u00daltimos art\u00edculos<\/strong><\/h2>\n\n\n<\/div>\n","protected":false},"excerpt":{"rendered":"<p>Si hay un \u00e1rbol que nos demandan mucho es el \u00c1rbol del Neem (Azadirachta indica), de r\u00e1pido crecimiento, muy resistente a la sequ\u00eda y del cual se utilizan sus extractos. <\/p>\n","protected":false},"author":1,"featured_media":2346,"comment_status":"open","ping_status":"closed","sticky":false,"template":"","format":"standard","meta":{"site-sidebar-layout":"default","site-content-layout":"","ast-site-content-layout":"default","site-content-style":"default","site-sidebar-style":"default","ast-global-header-display":"","ast-banner-title-visibility":"","ast-main-header-display":"","ast-hfb-above-header-display":"","ast-hfb-below-header-display":"","ast-hfb-mobile-header-display":"","site-post-title":"","ast-breadcrumbs-content":"","ast-featured-img":"","footer-sml-layout":"","ast-disable-related-posts":"","theme-transparent-header-meta":"","adv-header-id-meta":"","stick-header-meta":"","header-above-stick-meta":"","header-main-stick-meta":"","header-below-stick-meta":"","astra-migrate-meta-layouts":"default","ast-page-background-enabled":"default","ast-page-background-meta":{"desktop":{"background-color":"var(--ast-global-color-5)","background-image":"","background-repeat":"repeat","background-position":"center center","background-size":"auto","background-attachment":"scroll","background-type":"","background-media":"","overlay-type":"","overlay-color":"","overlay-opacity":"","overlay-gradient":""},"tablet":{"background-color":"","background-image":"","background-repeat":"repeat","background-position":"center center","background-size":"auto","background-attachment":"scroll","background-type":"","background-media":"","overlay-type":"","overlay-color":"","overlay-opacity":"","overlay-gradient":""},"mobile":{"background-color":"","background-image":"","background-repeat":"repeat","background-position":"center center","background-size":"auto","background-attachment":"scroll","background-type":"","background-media":"","overlay-type":"","overlay-color":"","overlay-opacity":"","overlay-gradient":""}},"ast-content-background-meta":{"desktop":{"background-color":"var(--ast-global-color-4)","background-image":"","background-repeat":"repeat","background-position":"center center","background-size":"auto","background-attachment":"scroll","background-type":"","background-media":"","overlay-type":"","overlay-color":"","overlay-opacity":"","overlay-gradient":""},"tablet":{"background-color":"var(--ast-global-color-4)","background-image":"","background-repeat":"repeat","background-position":"center center","background-size":"auto","background-attachment":"scroll","background-type":"","background-media":"","overlay-type":"","overlay-color":"","overlay-opacity":"","overlay-gradient":""},"mobile":{"background-color":"var(--ast-global-color-4)","background-image":"","background-repeat":"repeat","background-position":"center center","background-size":"auto","background-attachment":"scroll","background-type":"","background-media":"","overlay-type":"","overlay-color":"","overlay-opacity":"","overlay-gradient":""}},"footnotes":""},"categories":[30,15],"tags":[213,212],"class_list":["post-392","post","type-post","status-publish","format-standard","has-post-thumbnail","hentry","category-novedades","category-plantas-curiosidades","tag-arbol-neem","tag-neem"],"_links":{"self":[{"href":"https:\/\/entresemillas.com\/blog\/wp-json\/wp\/v2\/posts\/392","targetHints":{"allow":["GET"]}}],"collection":[{"href":"https:\/\/entresemillas.com\/blog\/wp-json\/wp\/v2\/posts"}],"about":[{"href":"https:\/\/entresemillas.com\/blog\/wp-json\/wp\/v2\/types\/post"}],"author":[{"embeddable":true,"href":"https:\/\/entresemillas.com\/blog\/wp-json\/wp\/v2\/users\/1"}],"replies":[{"embeddable":true,"href":"https:\/\/entresemillas.com\/blog\/wp-json\/wp\/v2\/comments?post=392"}],"version-history":[{"count":11,"href":"https:\/\/entresemillas.com\/blog\/wp-json\/wp\/v2\/posts\/392\/revisions"}],"predecessor-version":[{"id":3833,"href":"https:\/\/entresemillas.com\/blog\/wp-json\/wp\/v2\/posts\/392\/revisions\/3833"}],"wp:featuredmedia":[{"embeddable":true,"href":"https:\/\/entresemillas.com\/blog\/wp-json\/wp\/v2\/media\/2346"}],"wp:attachment":[{"href":"https:\/\/entresemillas.com\/blog\/wp-json\/wp\/v2\/media?parent=392"}],"wp:term":[{"taxonomy":"category","embeddable":true,"href":"https:\/\/entresemillas.com\/blog\/wp-json\/wp\/v2\/categories?post=392"},{"taxonomy":"post_tag","embeddable":true,"href":"https:\/\/entresemillas.com\/blog\/wp-json\/wp\/v2\/tags?post=392"}],"curies":[{"name":"wp","href":"https:\/\/api.w.org\/{rel}","templated":true}]}}