{"id":4197,"date":"2026-02-15T10:49:56","date_gmt":"2026-02-15T09:49:56","guid":{"rendered":"https:\/\/entresemillas.com\/blog\/?p=4197"},"modified":"2026-02-15T12:09:52","modified_gmt":"2026-02-15T11:09:52","slug":"como-sembrar-semillas-de-calabacin-paso-a-paso","status":"publish","type":"post","link":"https:\/\/entresemillas.com\/blog\/como-sembrar-semillas-de-calabacin-paso-a-paso\/","title":{"rendered":"C\u00f3mo sembrar semillas de calabac\u00edn paso a paso"},"content":{"rendered":"\n<p>Las semillas de calabac\u00edn son grandes, f\u00e1ciles de manejar y germinan con rapidez cuando el suelo est\u00e1 templado. Sin embargo, como ocurre con todas las cucurbit\u00e1ceas, <strong>no toleran bien el fr\u00edo ni el exceso de humedad en las primeras fases<\/strong>, por lo que el momento de la siembra es clave.<\/p>\n\n\n\n<p>Puedes sembrar en <strong>semillero<\/strong> o realizar <strong>siembra directa<\/strong>, seg\u00fan tu clima y calendario.<\/p>\n\n\n\n<figure class=\"wp-block-image size-large\"><a href=\"https:\/\/entresemillas.com\/blog\/wp-content\/uploads\/2026\/02\/semilla-calabacin-germinada.jpg\"><img loading=\"lazy\" decoding=\"async\" width=\"1024\" height=\"682\" src=\"https:\/\/entresemillas.com\/blog\/wp-content\/uploads\/2026\/02\/semilla-calabacin-germinada-1024x682.jpg\" alt=\"\" class=\"wp-image-4202\" srcset=\"https:\/\/entresemillas.com\/blog\/wp-content\/uploads\/2026\/02\/semilla-calabacin-germinada-1024x682.jpg 1024w, https:\/\/entresemillas.com\/blog\/wp-content\/uploads\/2026\/02\/semilla-calabacin-germinada-300x200.jpg 300w, https:\/\/entresemillas.com\/blog\/wp-content\/uploads\/2026\/02\/semilla-calabacin-germinada-768x512.jpg 768w, https:\/\/entresemillas.com\/blog\/wp-content\/uploads\/2026\/02\/semilla-calabacin-germinada.jpg 1280w\" sizes=\"auto, (max-width: 1024px) 100vw, 1024px\" \/><\/a><\/figure>\n\n\n\n<hr class=\"wp-block-separator has-alpha-channel-opacity\"\/>\n\n\n\n<h3 class=\"wp-block-heading\">&#x1f33f; Opci\u00f3n 1: Siembra en semillero<\/h3>\n\n\n\n<p>Recomendada si la primavera es inestable o si quieres adelantar la cosecha.<\/p>\n\n\n\n<ul class=\"wp-block-list\">\n<li>Utiliza macetas individuales de 8\u201310 cm de di\u00e1metro.<\/li>\n\n\n\n<li>Emplea un sustrato ligero, aireado y bien drenado.<\/li>\n\n\n\n<li>Siembra a 2\u20133 cm de profundidad.<\/li>\n\n\n\n<li>Riega suavemente tras la siembra.<\/li>\n<\/ul>\n\n\n\n<p>&#x1f321;&#xfe0f; <strong>Temperatura de germinaci\u00f3n:<\/strong><\/p>\n\n\n\n<ul class=\"wp-block-list\">\n<li>M\u00ednima: 18 \u00b0C<\/li>\n\n\n\n<li>\u00d3ptima: 22\u201326 \u00b0C<\/li>\n<\/ul>\n\n\n\n<p>&#x23f3; <strong>Tiempo de germinaci\u00f3n:<\/strong><br>Entre 6 y 10 d\u00edas.<\/p>\n\n\n\n<p>Durante la germinaci\u00f3n, mant\u00e9n el sustrato h\u00famedo pero nunca encharcado. En cuanto la pl\u00e1ntula tenga 2\u20133 hojas verdaderas, estar\u00e1 lista para el trasplante.<\/p>\n\n\n\n<p>&#x26a0;&#xfe0f; No retrases demasiado el trasplante: el calabac\u00edn desarrolla ra\u00edces r\u00e1pido y sufre si se queda sin espacio.<\/p>\n\n\n\n<figure class=\"wp-block-image size-large\"><a href=\"https:\/\/entresemillas.com\/blog\/wp-content\/uploads\/2026\/02\/semillero-calabacines.jpg\"><img loading=\"lazy\" decoding=\"async\" width=\"1024\" height=\"680\" src=\"https:\/\/entresemillas.com\/blog\/wp-content\/uploads\/2026\/02\/semillero-calabacines-1024x680.jpg\" alt=\"\" class=\"wp-image-4200\" srcset=\"https:\/\/entresemillas.com\/blog\/wp-content\/uploads\/2026\/02\/semillero-calabacines-1024x680.jpg 1024w, https:\/\/entresemillas.com\/blog\/wp-content\/uploads\/2026\/02\/semillero-calabacines-300x199.jpg 300w, https:\/\/entresemillas.com\/blog\/wp-content\/uploads\/2026\/02\/semillero-calabacines-768x510.jpg 768w, https:\/\/entresemillas.com\/blog\/wp-content\/uploads\/2026\/02\/semillero-calabacines.jpg 1280w\" sizes=\"auto, (max-width: 1024px) 100vw, 1024px\" \/><\/a><\/figure>\n\n\n\n<hr class=\"wp-block-separator has-alpha-channel-opacity\"\/>\n\n\n\n<h3 class=\"wp-block-heading\">&#x1f33e; Opci\u00f3n 2: Siembra directa en el terreno<\/h3>\n\n\n\n<p>Ideal en zonas con temperaturas suaves y suelo ya templado.<\/p>\n\n\n\n<ul class=\"wp-block-list\">\n<li>Prepara un peque\u00f1o mont\u00edculo de tierra suelta, de unos 20\u201330 cm de di\u00e1metro, enriquecido con compost maduro.<\/li>\n\n\n\n<li>Siembra 2 o 3 semillas a 2\u20133 cm de profundidad.<\/li>\n\n\n\n<li>Cubre con tierra fina y presiona ligeramente.<\/li>\n\n\n\n<li>Riega con cuidado.<\/li>\n<\/ul>\n\n\n\n<p>Cuando las plantas alcancen unos 8\u201310 cm, deja solo la m\u00e1s vigorosa y corta las dem\u00e1s a ras del suelo.<\/p>\n\n\n\n<figure class=\"wp-block-image size-large\"><a href=\"https:\/\/entresemillas.com\/blog\/wp-content\/uploads\/2026\/02\/cultivo-calabacin.jpg\"><img loading=\"lazy\" decoding=\"async\" width=\"1024\" height=\"682\" src=\"https:\/\/entresemillas.com\/blog\/wp-content\/uploads\/2026\/02\/cultivo-calabacin-1024x682.jpg\" alt=\"\" class=\"wp-image-4203\" srcset=\"https:\/\/entresemillas.com\/blog\/wp-content\/uploads\/2026\/02\/cultivo-calabacin-1024x682.jpg 1024w, https:\/\/entresemillas.com\/blog\/wp-content\/uploads\/2026\/02\/cultivo-calabacin-300x200.jpg 300w, https:\/\/entresemillas.com\/blog\/wp-content\/uploads\/2026\/02\/cultivo-calabacin-768x512.jpg 768w, https:\/\/entresemillas.com\/blog\/wp-content\/uploads\/2026\/02\/cultivo-calabacin.jpg 1280w\" sizes=\"auto, (max-width: 1024px) 100vw, 1024px\" \/><\/a><\/figure>\n\n\n\n<h2 class=\"wp-block-heading\">&#x1f5d3;&#xfe0f; Cu\u00e1ndo plantar<\/h2>\n\n\n\n<p>El calabac\u00edn es una planta claramente estival. Necesita calor constante desde el primer momento, por lo que conviene esperar a que el riesgo de heladas haya desaparecido por completo y el suelo est\u00e9 bien templado. En la mayor\u00eda de zonas, esto ocurre a partir de mediados de primavera.<\/p>\n\n\n\n<p>Sembrar demasiado pronto suele ser un error com\u00fan: las semillas pueden pudrirse en un suelo fr\u00edo o las plantas crecer d\u00e9biles y frenadas. Es preferible retrasar la siembra unos d\u00edas antes que adelantarse. En climas c\u00e1lidos, el calabac\u00edn permite siembras escalonadas hasta bien entrado el verano, asegurando producci\u00f3n continua durante meses.<\/p>\n\n\n\n<hr class=\"wp-block-separator has-alpha-channel-opacity\"\/>\n\n\n\n<h2 class=\"wp-block-heading\">&#x1f331; Sustrato y preparaci\u00f3n del suelo<\/h2>\n\n\n\n<p>El calabac\u00edn es una planta muy productiva y eso se traduce en una alta demanda de nutrientes. Un suelo pobre dar\u00e1 plantas grandes pero poco productivas, o frutos de mala calidad.<\/p>\n\n\n\n<p>Prefiere un suelo:<\/p>\n\n\n\n<ul class=\"wp-block-list\">\n<li>Profundo y suelto, para que las ra\u00edces se desarrollen sin dificultad.<\/li>\n\n\n\n<li>Rico en materia org\u00e1nica bien descompuesta.<\/li>\n\n\n\n<li>Con buen drenaje, evitando encharcamientos prolongados.<\/li>\n<\/ul>\n\n\n\n<p>Antes de la siembra conviene trabajar bien la tierra e incorporar compost maduro o esti\u00e9rcol bien hecho. En suelos muy compactos, la mejora de la estructura es casi tan importante como el abonado. Un terreno aireado y esponjoso marca una gran diferencia en el vigor de la planta y en la regularidad de la producci\u00f3n.<\/p>\n\n\n\n<hr class=\"wp-block-separator has-alpha-channel-opacity\"\/>\n\n\n\n<h2 class=\"wp-block-heading\">&#x2600;&#xfe0f; Ubicaci\u00f3n<\/h2>\n\n\n\n<p>El calabac\u00edn necesita sol para producir bien. Cuantas m\u00e1s horas de luz directa reciba, mayor ser\u00e1 la floraci\u00f3n y mejor el cuajado de los frutos.<\/p>\n\n\n\n<p>Lo ideal es ubicarlo en una zona:<\/p>\n\n\n\n<ul class=\"wp-block-list\">\n<li>De pleno sol.<\/li>\n\n\n\n<li>Resguardada de vientos fuertes, que pueden da\u00f1ar hojas y flores.<\/li>\n\n\n\n<li>Con espacio suficiente alrededor para que la mata se desarrolle sin competencia.<\/li>\n<\/ul>\n\n\n\n<p>Aunque no es una planta rastrera como la calabaza, forma una mata amplia y frondosa, por lo que conviene no plantarla demasiado cerca de otras hortalizas.<\/p>\n\n\n\n<figure class=\"wp-block-image size-large\"><a href=\"https:\/\/entresemillas.com\/blog\/wp-content\/uploads\/2026\/02\/calabacin-verde.jpg\"><img loading=\"lazy\" decoding=\"async\" width=\"1024\" height=\"682\" src=\"https:\/\/entresemillas.com\/blog\/wp-content\/uploads\/2026\/02\/calabacin-verde-1024x682.jpg\" alt=\"\" class=\"wp-image-4205\" srcset=\"https:\/\/entresemillas.com\/blog\/wp-content\/uploads\/2026\/02\/calabacin-verde-1024x682.jpg 1024w, https:\/\/entresemillas.com\/blog\/wp-content\/uploads\/2026\/02\/calabacin-verde-300x200.jpg 300w, https:\/\/entresemillas.com\/blog\/wp-content\/uploads\/2026\/02\/calabacin-verde-768x512.jpg 768w, https:\/\/entresemillas.com\/blog\/wp-content\/uploads\/2026\/02\/calabacin-verde.jpg 1280w\" sizes=\"auto, (max-width: 1024px) 100vw, 1024px\" \/><\/a><\/figure>\n\n\n\n<hr class=\"wp-block-separator has-alpha-channel-opacity\"\/>\n\n\n\n<h2 class=\"wp-block-heading\">&#x1f33c; Floraci\u00f3n<\/h2>\n\n\n\n<p>La floraci\u00f3n del calabac\u00edn es uno de los momentos m\u00e1s llamativos del cultivo. Produce flores grandes, amarillas y muy visibles, que aparecen primero en abundancia.<\/p>\n\n\n\n<p>La planta genera <strong>flores masculinas y femeninas<\/strong>. Las flores masculinas aparecen antes y en mayor n\u00famero; las femeninas se distinguen f\u00e1cilmente porque en su base ya se aprecia el peque\u00f1o fruto.<\/p>\n\n\n\n<p>Una buena floraci\u00f3n depende de:<\/p>\n\n\n\n<ul class=\"wp-block-list\">\n<li>Temperaturas c\u00e1lidas y estables.<\/li>\n\n\n\n<li>Riegos regulares.<\/li>\n\n\n\n<li>Buena disponibilidad de nutrientes.<\/li>\n<\/ul>\n\n\n\n<p>En condiciones normales, los insectos polinizadores se encargan del trabajo. Si la floraci\u00f3n es abundante pero los frutos no prosperan, suele deberse a falta de polinizaci\u00f3n o a estr\u00e9s por calor o sequ\u00eda.<\/p>\n\n\n\n<hr class=\"wp-block-separator has-alpha-channel-opacity\"\/>\n\n\n\n<h2 class=\"wp-block-heading\">&#x2702;&#xfe0f; Mantenimiento del cultivo<\/h2>\n\n\n\n<p>El calabac\u00edn no es especialmente exigente, pero agradece ciertos cuidados a lo largo del ciclo.<\/p>\n\n\n\n<p>Durante las primeras semanas conviene mantener el suelo libre de malas hierbas y ligeramente aireado. A medida que la planta crece, un acolchado org\u00e1nico ayuda a conservar la humedad, proteger el suelo y mantener los frutos limpios.<\/p>\n\n\n\n<p>Es recomendable retirar hojas viejas, da\u00f1adas o enfermas para mejorar la ventilaci\u00f3n y reducir el riesgo de hongos. No se trata de una poda estricta, sino de un mantenimiento ligero que favorece la salud de la planta.<\/p>\n\n\n\n<hr class=\"wp-block-separator has-alpha-channel-opacity\"\/>\n\n\n\n<h2 class=\"wp-block-heading\">&#x1f4a7; Riego<\/h2>\n\n\n\n<p>El riego es uno de los factores clave en el cultivo del calabac\u00edn. Necesita agua de forma regular, especialmente desde la floraci\u00f3n hasta la formaci\u00f3n de los frutos.<\/p>\n\n\n\n<p>Lo ideal es mantener el suelo siempre ligeramente h\u00famedo, evitando tanto el encharcamiento como los periodos de sequ\u00eda. Los cambios bruscos en el riego suelen provocar frutos deformes o un descenso de la producci\u00f3n.<\/p>\n\n\n\n<p>Siempre que sea posible, riega al pie de la planta, evitando mojar las hojas, especialmente en climas h\u00famedos.<\/p>\n\n\n\n<hr class=\"wp-block-separator has-alpha-channel-opacity\"\/>\n\n\n\n<h2 class=\"wp-block-heading\">&#x1f952; Cosecha<\/h2>\n\n\n\n<p>El calabac\u00edn se caracteriza por su r\u00e1pida entrada en producci\u00f3n. En condiciones favorables, puede comenzar a cosecharse pocas semanas despu\u00e9s de la floraci\u00f3n.<\/p>\n\n\n\n<p>Lo ideal es recolectar los frutos cuando a\u00fan est\u00e1n j\u00f3venes y tiernos. Un calabac\u00edn que se deja crecer demasiado en la planta frena la aparici\u00f3n de nuevos frutos y reduce la producci\u00f3n general.<\/p>\n\n\n\n<p>La cosecha frecuente, cada pocos d\u00edas, estimula a la planta a seguir floreciendo y produciendo. Un solo ejemplar bien cuidado puede dar una cantidad sorprendente de frutos durante toda la temporada.<\/p>\n\n\n\n<hr class=\"wp-block-separator has-alpha-channel-opacity\"\/>\n\n\n\n<h2 class=\"wp-block-heading\">&#x1f331; Tipos de variedades<\/h2>\n\n\n\n<p>Existen numerosas variedades de calabac\u00edn, adaptadas a distintos usos y espacios.<\/p>\n\n\n\n<p>Encontramos:<\/p>\n\n\n\n<ul class=\"wp-block-list\">\n<li>Variedades cl\u00e1sicas alargadas, muy productivas.<\/li>\n\n\n\n<li>Calabacines claros o rayados, de sabor suave.<\/li>\n\n\n\n<li>Tipos redondos, ideales para rellenos.<\/li>\n\n\n\n<li>Variedades compactas, adecuadas para huertos peque\u00f1os o macetas grandes.<\/li>\n<\/ul>\n\n\n\n<p>La elecci\u00f3n de la variedad depender\u00e1 tanto del espacio disponible como del uso que se quiera dar a la cosecha.<\/p>\n\n\n\n<figure class=\"wp-block-image size-large\"><a href=\"https:\/\/entresemillas.com\/blog\/wp-content\/uploads\/2026\/02\/calabacin-amarillo.jpg\"><img loading=\"lazy\" decoding=\"async\" width=\"1024\" height=\"678\" src=\"https:\/\/entresemillas.com\/blog\/wp-content\/uploads\/2026\/02\/calabacin-amarillo-1024x678.jpg\" alt=\"\" class=\"wp-image-4204\" srcset=\"https:\/\/entresemillas.com\/blog\/wp-content\/uploads\/2026\/02\/calabacin-amarillo-1024x678.jpg 1024w, https:\/\/entresemillas.com\/blog\/wp-content\/uploads\/2026\/02\/calabacin-amarillo-300x199.jpg 300w, https:\/\/entresemillas.com\/blog\/wp-content\/uploads\/2026\/02\/calabacin-amarillo-768x509.jpg 768w, https:\/\/entresemillas.com\/blog\/wp-content\/uploads\/2026\/02\/calabacin-amarillo.jpg 1280w\" sizes=\"auto, (max-width: 1024px) 100vw, 1024px\" \/><\/a><\/figure>\n\n\n\n<h2 class=\"wp-block-heading\">&#x1f331; D\u00f3nde comprar semillas<\/h2>\n\n\n\n<p>Si ya tienes el terreno preparado, puedes descubrir nuestra selecci\u00f3n completa en la secci\u00f3n dedicada a: <a href=\"https:\/\/entresemillas.com\/109-calabacines\">semillas de calabac\u00edn<\/a>.<\/p>\n\n\n\n<p><\/p>\n","protected":false},"excerpt":{"rendered":"<p>Las semillas de calabac\u00edn son grandes, f\u00e1ciles de manejar y germinan con rapidez cuando el suelo est\u00e1 templado. Sin embargo, [&hellip;]<\/p>\n","protected":false},"author":1,"featured_media":4198,"comment_status":"open","ping_status":"closed","sticky":false,"template":"","format":"standard","meta":{"site-sidebar-layout":"default","site-content-layout":"","ast-site-content-layout":"default","site-content-style":"default","site-sidebar-style":"default","ast-global-header-display":"","ast-banner-title-visibility":"","ast-main-header-display":"","ast-hfb-above-header-display":"","ast-hfb-below-header-display":"","ast-hfb-mobile-header-display":"","site-post-title":"","ast-breadcrumbs-content":"","ast-featured-img":"","footer-sml-layout":"","ast-disable-related-posts":"","theme-transparent-header-meta":"","adv-header-id-meta":"","stick-header-meta":"","header-above-stick-meta":"","header-main-stick-meta":"","header-below-stick-meta":"","astra-migrate-meta-layouts":"default","ast-page-background-enabled":"default","ast-page-background-meta":{"desktop":{"background-color":"var(--ast-global-color-5)","background-image":"","background-repeat":"repeat","background-position":"center center","background-size":"auto","background-attachment":"scroll","background-type":"","background-media":"","overlay-type":"","overlay-color":"","overlay-opacity":"","overlay-gradient":""},"tablet":{"background-color":"","background-image":"","background-repeat":"repeat","background-position":"center center","background-size":"auto","background-attachment":"scroll","background-type":"","background-media":"","overlay-type":"","overlay-color":"","overlay-opacity":"","overlay-gradient":""},"mobile":{"background-color":"","background-image":"","background-repeat":"repeat","background-position":"center center","background-size":"auto","background-attachment":"scroll","background-type":"","background-media":"","overlay-type":"","overlay-color":"","overlay-opacity":"","overlay-gradient":""}},"ast-content-background-meta":{"desktop":{"background-color":"var(--ast-global-color-4)","background-image":"","background-repeat":"repeat","background-position":"center center","background-size":"auto","background-attachment":"scroll","background-type":"","background-media":"","overlay-type":"","overlay-color":"","overlay-opacity":"","overlay-gradient":""},"tablet":{"background-color":"var(--ast-global-color-4)","background-image":"","background-repeat":"repeat","background-position":"center center","background-size":"auto","background-attachment":"scroll","background-type":"","background-media":"","overlay-type":"","overlay-color":"","overlay-opacity":"","overlay-gradient":""},"mobile":{"background-color":"var(--ast-global-color-4)","background-image":"","background-repeat":"repeat","background-position":"center center","background-size":"auto","background-attachment":"scroll","background-type":"","background-media":"","overlay-type":"","overlay-color":"","overlay-opacity":"","overlay-gradient":""}},"footnotes":""},"categories":[193],"tags":[],"class_list":["post-4197","post","type-post","status-publish","format-standard","has-post-thumbnail","hentry","category-guias-de-siembra-y-cultivo"],"_links":{"self":[{"href":"https:\/\/entresemillas.com\/blog\/wp-json\/wp\/v2\/posts\/4197","targetHints":{"allow":["GET"]}}],"collection":[{"href":"https:\/\/entresemillas.com\/blog\/wp-json\/wp\/v2\/posts"}],"about":[{"href":"https:\/\/entresemillas.com\/blog\/wp-json\/wp\/v2\/types\/post"}],"author":[{"embeddable":true,"href":"https:\/\/entresemillas.com\/blog\/wp-json\/wp\/v2\/users\/1"}],"replies":[{"embeddable":true,"href":"https:\/\/entresemillas.com\/blog\/wp-json\/wp\/v2\/comments?post=4197"}],"version-history":[{"count":2,"href":"https:\/\/entresemillas.com\/blog\/wp-json\/wp\/v2\/posts\/4197\/revisions"}],"predecessor-version":[{"id":4206,"href":"https:\/\/entresemillas.com\/blog\/wp-json\/wp\/v2\/posts\/4197\/revisions\/4206"}],"wp:featuredmedia":[{"embeddable":true,"href":"https:\/\/entresemillas.com\/blog\/wp-json\/wp\/v2\/media\/4198"}],"wp:attachment":[{"href":"https:\/\/entresemillas.com\/blog\/wp-json\/wp\/v2\/media?parent=4197"}],"wp:term":[{"taxonomy":"category","embeddable":true,"href":"https:\/\/entresemillas.com\/blog\/wp-json\/wp\/v2\/categories?post=4197"},{"taxonomy":"post_tag","embeddable":true,"href":"https:\/\/entresemillas.com\/blog\/wp-json\/wp\/v2\/tags?post=4197"}],"curies":[{"name":"wp","href":"https:\/\/api.w.org\/{rel}","templated":true}]}}