{"id":4207,"date":"2026-02-15T12:35:19","date_gmt":"2026-02-15T11:35:19","guid":{"rendered":"https:\/\/entresemillas.com\/blog\/?p=4207"},"modified":"2026-02-15T12:35:20","modified_gmt":"2026-02-15T11:35:20","slug":"cordoba-acoge-la-6a-feria-de-orquideas-y-plantas-de-coleccion-en-marzo-de-2026","status":"publish","type":"post","link":"https:\/\/entresemillas.com\/blog\/cordoba-acoge-la-6a-feria-de-orquideas-y-plantas-de-coleccion-en-marzo-de-2026\/","title":{"rendered":"C\u00f3rdoba acoge la 6\u00aa Feria de Orqu\u00eddeas y Plantas de Colecci\u00f3n en marzo de 2026"},"content":{"rendered":"\n<p>C\u00f3rdoba se prepara para una celebraci\u00f3n de la naturaleza y la biodiversidad con la llegada de la <strong>6\u00aa Feria de Orqu\u00eddeas y Plantas de Colecci\u00f3n<\/strong>, que tendr\u00e1 lugar <strong>el s\u00e1bado 7 y domingo 8 de marzo de 2026<\/strong> en el emblem\u00e1tico <strong>Real Jard\u00edn Bot\u00e1nico de C\u00f3rdoba<\/strong>, un espacio dedicado a la conservaci\u00f3n, divulgaci\u00f3n y disfrute de la flora en pleno coraz\u00f3n de la ciudad.<\/p>\n\n\n\n<h3 class=\"wp-block-heading\">\u00bfQu\u00e9 encontrar\u00e1s en la feria?<\/h3>\n\n\n\n<p>Durante el fin de semana, los visitantes podr\u00e1n disfrutar de:<\/p>\n\n\n\n<ul class=\"wp-block-list\">\n<li><strong>Exposici\u00f3n y venta de orqu\u00eddeas<\/strong> y otras plantas de colecci\u00f3n, tanto cl\u00e1sicas como raras, presentadas por viveristas y coleccionistas.<\/li>\n\n\n\n<li><strong>Talleres y charlas<\/strong> para aprender sobre cultivo, cuidados y t\u00e9cnicas de conservaci\u00f3n de plantas ornamentales.<\/li>\n\n\n\n<li>Un ambiente ideal para <strong>apasionados de la bot\u00e1nica<\/strong>, coleccionistas y p\u00fablico general que quiera conocer m\u00e1s sobre estas especies fascinantes.<\/li>\n<\/ul>\n\n\n\n<p>El <strong>Jard\u00edn Bot\u00e1nico de C\u00f3rdoba<\/strong> es uno de los espacios verdes m\u00e1s importantes de Andaluc\u00eda y un referente en conservaci\u00f3n vegetal. Cuenta con colecciones dedicadas a la flora mediterr\u00e1nea, jardines tem\u00e1ticos, invernaderos y zonas educativas que permiten conocer plantas de distintos ecosistemas del mundo. Su labor divulgativa y cient\u00edfica lo convierte en el escenario perfecto para acoger una feria centrada en plantas singulares y de colecci\u00f3n, ofreciendo a los visitantes una experiencia que combina aprendizaje, naturaleza y disfrute.<\/p>\n\n\n\n<figure class=\"wp-block-image size-large\"><a href=\"https:\/\/entresemillas.com\/blog\/wp-content\/uploads\/2026\/02\/cartel-feria-plantas-cordoba-2026.jpg\"><img loading=\"lazy\" decoding=\"async\" width=\"768\" height=\"1024\" src=\"https:\/\/entresemillas.com\/blog\/wp-content\/uploads\/2026\/02\/cartel-feria-plantas-cordoba-2026-768x1024.jpg\" alt=\"\" class=\"wp-image-4208\" srcset=\"https:\/\/entresemillas.com\/blog\/wp-content\/uploads\/2026\/02\/cartel-feria-plantas-cordoba-2026-768x1024.jpg 768w, https:\/\/entresemillas.com\/blog\/wp-content\/uploads\/2026\/02\/cartel-feria-plantas-cordoba-2026-225x300.jpg 225w, https:\/\/entresemillas.com\/blog\/wp-content\/uploads\/2026\/02\/cartel-feria-plantas-cordoba-2026.jpg 810w\" sizes=\"auto, (max-width: 768px) 100vw, 768px\" \/><\/a><\/figure>\n\n\n\n<p>La feria es una oportunidad \u00fanica para acercarse al maravilloso mundo de las orqu\u00eddeas y otras plantas singulares, intercambiar experiencias con expertos y descubrir nuevas especies para tu colecci\u00f3n o jard\u00edn.<\/p>\n","protected":false},"excerpt":{"rendered":"<p>C\u00f3rdoba se prepara para una celebraci\u00f3n de la naturaleza y la biodiversidad con la llegada de la 6\u00aa Feria de [&hellip;]<\/p>\n","protected":false},"author":1,"featured_media":4209,"comment_status":"open","ping_status":"closed","sticky":false,"template":"","format":"standard","meta":{"site-sidebar-layout":"default","site-content-layout":"","ast-site-content-layout":"default","site-content-style":"default","site-sidebar-style":"default","ast-global-header-display":"","ast-banner-title-visibility":"","ast-main-header-display":"","ast-hfb-above-header-display":"","ast-hfb-below-header-display":"","ast-hfb-mobile-header-display":"","site-post-title":"","ast-breadcrumbs-content":"","ast-featured-img":"","footer-sml-layout":"","ast-disable-related-posts":"","theme-transparent-header-meta":"","adv-header-id-meta":"","stick-header-meta":"","header-above-stick-meta":"","header-main-stick-meta":"","header-below-stick-meta":"","astra-migrate-meta-layouts":"default","ast-page-background-enabled":"default","ast-page-background-meta":{"desktop":{"background-color":"var(--ast-global-color-5)","background-image":"","background-repeat":"repeat","background-position":"center center","background-size":"auto","background-attachment":"scroll","background-type":"","background-media":"","overlay-type":"","overlay-color":"","overlay-opacity":"","overlay-gradient":""},"tablet":{"background-color":"","background-image":"","background-repeat":"repeat","background-position":"center center","background-size":"auto","background-attachment":"scroll","background-type":"","background-media":"","overlay-type":"","overlay-color":"","overlay-opacity":"","overlay-gradient":""},"mobile":{"background-color":"","background-image":"","background-repeat":"repeat","background-position":"center center","background-size":"auto","background-attachment":"scroll","background-type":"","background-media":"","overlay-type":"","overlay-color":"","overlay-opacity":"","overlay-gradient":""}},"ast-content-background-meta":{"desktop":{"background-color":"var(--ast-global-color-4)","background-image":"","background-repeat":"repeat","background-position":"center center","background-size":"auto","background-attachment":"scroll","background-type":"","background-media":"","overlay-type":"","overlay-color":"","overlay-opacity":"","overlay-gradient":""},"tablet":{"background-color":"var(--ast-global-color-4)","background-image":"","background-repeat":"repeat","background-position":"center center","background-size":"auto","background-attachment":"scroll","background-type":"","background-media":"","overlay-type":"","overlay-color":"","overlay-opacity":"","overlay-gradient":""},"mobile":{"background-color":"var(--ast-global-color-4)","background-image":"","background-repeat":"repeat","background-position":"center center","background-size":"auto","background-attachment":"scroll","background-type":"","background-media":"","overlay-type":"","overlay-color":"","overlay-opacity":"","overlay-gradient":""}},"footnotes":""},"categories":[30],"tags":[],"class_list":["post-4207","post","type-post","status-publish","format-standard","has-post-thumbnail","hentry","category-novedades"],"_links":{"self":[{"href":"https:\/\/entresemillas.com\/blog\/wp-json\/wp\/v2\/posts\/4207","targetHints":{"allow":["GET"]}}],"collection":[{"href":"https:\/\/entresemillas.com\/blog\/wp-json\/wp\/v2\/posts"}],"about":[{"href":"https:\/\/entresemillas.com\/blog\/wp-json\/wp\/v2\/types\/post"}],"author":[{"embeddable":true,"href":"https:\/\/entresemillas.com\/blog\/wp-json\/wp\/v2\/users\/1"}],"replies":[{"embeddable":true,"href":"https:\/\/entresemillas.com\/blog\/wp-json\/wp\/v2\/comments?post=4207"}],"version-history":[{"count":1,"href":"https:\/\/entresemillas.com\/blog\/wp-json\/wp\/v2\/posts\/4207\/revisions"}],"predecessor-version":[{"id":4210,"href":"https:\/\/entresemillas.com\/blog\/wp-json\/wp\/v2\/posts\/4207\/revisions\/4210"}],"wp:featuredmedia":[{"embeddable":true,"href":"https:\/\/entresemillas.com\/blog\/wp-json\/wp\/v2\/media\/4209"}],"wp:attachment":[{"href":"https:\/\/entresemillas.com\/blog\/wp-json\/wp\/v2\/media?parent=4207"}],"wp:term":[{"taxonomy":"category","embeddable":true,"href":"https:\/\/entresemillas.com\/blog\/wp-json\/wp\/v2\/categories?post=4207"},{"taxonomy":"post_tag","embeddable":true,"href":"https:\/\/entresemillas.com\/blog\/wp-json\/wp\/v2\/tags?post=4207"}],"curies":[{"name":"wp","href":"https:\/\/api.w.org\/{rel}","templated":true}]}}