{"id":4399,"date":"2026-03-09T15:00:34","date_gmt":"2026-03-09T14:00:34","guid":{"rendered":"https:\/\/entresemillas.com\/blog\/?p=4399"},"modified":"2026-03-09T15:35:32","modified_gmt":"2026-03-09T14:35:32","slug":"como-cultivar-cucamelon-melothria-scabra-desde-semilla","status":"publish","type":"post","link":"https:\/\/entresemillas.com\/blog\/como-cultivar-cucamelon-melothria-scabra-desde-semilla\/","title":{"rendered":"C\u00f3mo cultivar cucamel\u00f3n (Melothria scabra) desde semilla"},"content":{"rendered":"\n<p>El cucamel\u00f3n (Melothria scabra), tambi\u00e9n conocido como sand\u00eda rat\u00f3n o pepinillo mexicano, es una planta trepadora de origen centroamericano que produce peque\u00f1os frutos del tama\u00f1o de una uva con aspecto de mini sand\u00eda.<\/p>\n\n\n\n<p>A pesar de su apariencia, su sabor recuerda m\u00e1s al pepino con un ligero toque \u00e1cido. Es una planta vigorosa, muy productiva y adecuada tanto para huertos como para cultivo en macetas con soporte vertical.<\/p>\n\n\n\n<hr class=\"wp-block-separator has-alpha-channel-opacity\"\/>\n\n\n\n<h2 class=\"wp-block-heading\">&#x1f331; Siembra de semillas de cucamel\u00f3n<\/h2>\n\n\n\n<p>La siembra del cucamel\u00f3n suele realizarse en semillero protegido para adelantar el cultivo y garantizar una germinaci\u00f3n uniforme. Para obtener buenos resultados, se recomienda seguir estos pasos:<\/p>\n\n\n\n<p><strong>1. Preparar el recipiente y el sustrato<\/strong><br>Utilice bandejas de semillero o macetas peque\u00f1as con un sustrato espec\u00edfico para germinaci\u00f3n, ligero, suelto y con buen drenaje. Humedezca previamente el sustrato hasta que est\u00e9 uniformemente h\u00famedo, pero sin encharcar.<\/p>\n\n\n\n<p><strong>2. Colocar las semillas<\/strong><br>Distribuya las semillas sobre el sustrato y c\u00fabralas ligeramente con una fina capa de sustrato, aproximadamente <strong>0,5 cm de profundidad<\/strong>. No compacte la superficie para facilitar la emergencia de las pl\u00e1ntulas.<\/p>\n\n\n\n<p><strong>3. Humedecer la superficie<\/strong><br>Tras la siembra, humedezca suavemente el sustrato con un pulverizador para no desplazar las semillas. Durante la germinaci\u00f3n es importante que <strong>la capa superficial del sustrato no llegue a secarse completamente<\/strong>.<\/p>\n\n\n\n<p><strong>4. Mantener temperatura y humedad adecuadas<\/strong><br>Coloque el semillero en un lugar c\u00e1lido. Las semillas no necesitan luz directa para germinar, pero s\u00ed <strong>temperatura estable y humedad constante<\/strong>. Cubrir el semillero con <strong>film transparente o una tapa de propagador<\/strong> puede ayudar a conservar la humedad y la temperatura.<\/p>\n\n\n\n<p><strong>5. Ventilar el semillero<\/strong><br>Si se utiliza cubierta pl\u00e1stica, es recomendable <strong>retirarla o airear el semillero diariamente<\/strong> para evitar la condensaci\u00f3n excesiva y la aparici\u00f3n de hongos.<\/p>\n\n\n\n<p><strong>6. Exposici\u00f3n a la luz tras la germinaci\u00f3n<\/strong><br>Una vez emergen las pl\u00e1ntulas, deben colocarse en un lugar con <strong>mucha luz<\/strong>, preferiblemente con varias horas de sol suave, para evitar que las plantas se debiliten o se estiren en exceso.<\/p>\n\n\n\n<p>En climas c\u00e1lidos tambi\u00e9n es posible realizar <strong>siembra directa en el terreno<\/strong>, siempre que el suelo est\u00e9 bien templado y no exista riesgo de fr\u00edo.<\/p>\n\n\n\n<hr class=\"wp-block-separator has-alpha-channel-opacity\"\/>\n\n\n\n<h2 class=\"wp-block-heading\">&#x1f321;&#xfe0f; Germinaci\u00f3n<\/h2>\n\n\n\n<p>La germinaci\u00f3n se produce mejor con temperaturas entre <strong>20 y 25 \u00b0C<\/strong>.<\/p>\n\n\n\n<p>En estas condiciones las semillas suelen germinar en <strong>7 a 14 d\u00edas<\/strong>, aunque a veces pueden tardar algo m\u00e1s.<\/p>\n\n\n\n<p>El sustrato debe mantenerse h\u00famedo, pero sin encharcar. Una humedad excesiva favorece la aparici\u00f3n de hongos en esta fase temprana.<\/p>\n\n\n\n<hr class=\"wp-block-separator has-alpha-channel-opacity\"\/>\n\n\n\n<h2 class=\"wp-block-heading\">&#x1f5d3;&#xfe0f; Cu\u00e1ndo plantar<\/h2>\n\n\n\n<p>El cucamel\u00f3n es una planta claramente estival.<\/p>\n\n\n\n<p>La siembra en semillero suele realizarse <strong>a finales de invierno o comienzos de primavera<\/strong> en interior. El trasplante al exterior se realiza cuando las temperaturas nocturnas se mantienen por encima de <strong>12\u201315 \u00b0C<\/strong>.<\/p>\n\n\n\n<p>En zonas con veranos largos tambi\u00e9n puede sembrarse directamente en el terreno durante la primavera.<\/p>\n\n\n\n<hr class=\"wp-block-separator has-alpha-channel-opacity\"\/>\n\n\n\n<h2 class=\"wp-block-heading\">&#x1f331; Sustrato y preparaci\u00f3n del suelo<\/h2>\n\n\n\n<p>Prefiere suelos sueltos, f\u00e9rtiles y bien drenados.<\/p>\n\n\n\n<p>El terreno ideal debe contener <strong>materia org\u00e1nica bien descompuesta<\/strong>, lo que favorece el crecimiento vigoroso de la planta. Una textura franca o ligeramente arenosa facilita el desarrollo radicular.<\/p>\n\n\n\n<p>En maceta conviene utilizar recipientes amplios con sustrato aireado y buen drenaje.<\/p>\n\n\n\n<hr class=\"wp-block-separator has-alpha-channel-opacity\"\/>\n\n\n\n<h2 class=\"wp-block-heading\">&#x2600;&#xfe0f; Ubicaci\u00f3n<\/h2>\n\n\n\n<p>El cucamel\u00f3n necesita <strong>pleno sol o semisombra luminosa<\/strong>.<\/p>\n\n\n\n<p>En climas templados se desarrolla mejor a pleno sol. En zonas con veranos muy intensos puede agradecer algo de sombra ligera en las horas m\u00e1s calurosas.<\/p>\n\n\n\n<p>Al tratarse de una planta trepadora, conviene situarla junto a una malla, tutor o estructura donde pueda desarrollarse verticalmente.<\/p>\n\n\n\n<figure class=\"wp-block-image size-large\"><a href=\"https:\/\/entresemillas.com\/blog\/wp-content\/uploads\/2026\/03\/image-18.png\"><img loading=\"lazy\" decoding=\"async\" width=\"1024\" height=\"754\" src=\"https:\/\/entresemillas.com\/blog\/wp-content\/uploads\/2026\/03\/image-18-1024x754.png\" alt=\"\" class=\"wp-image-4406\" srcset=\"https:\/\/entresemillas.com\/blog\/wp-content\/uploads\/2026\/03\/image-18-1024x754.png 1024w, https:\/\/entresemillas.com\/blog\/wp-content\/uploads\/2026\/03\/image-18-300x221.png 300w, https:\/\/entresemillas.com\/blog\/wp-content\/uploads\/2026\/03\/image-18-768x565.png 768w, https:\/\/entresemillas.com\/blog\/wp-content\/uploads\/2026\/03\/image-18-1536x1130.png 1536w, https:\/\/entresemillas.com\/blog\/wp-content\/uploads\/2026\/03\/image-18.png 1920w\" sizes=\"auto, (max-width: 1024px) 100vw, 1024px\" \/><\/a><figcaption class=\"wp-element-caption\"><em><sup>Tigerente (CC BY-SA 3.0)<\/sup><\/em><\/figcaption><\/figure>\n\n\n\n<hr class=\"wp-block-separator has-alpha-channel-opacity\"\/>\n\n\n\n<h2 class=\"wp-block-heading\">&#x1f33c; Floraci\u00f3n<\/h2>\n\n\n\n<p>Produce peque\u00f1as flores amarillas similares a las de otras cucurbit\u00e1ceas.<\/p>\n\n\n\n<p>La planta desarrolla <strong>flores masculinas y femeninas<\/strong>, y la polinizaci\u00f3n se realiza principalmente mediante insectos. La presencia de polinizadores favorece claramente la producci\u00f3n.<\/p>\n\n\n\n<p>En cultivos protegidos o con poca actividad de insectos, puede realizarse polinizaci\u00f3n manual, aunque normalmente no es necesario en huertos al aire libre.<\/p>\n\n\n\n<figure class=\"wp-block-image size-large\"><a href=\"https:\/\/entresemillas.com\/blog\/wp-content\/uploads\/2026\/03\/image-17.png\"><img loading=\"lazy\" decoding=\"async\" width=\"1024\" height=\"685\" src=\"https:\/\/entresemillas.com\/blog\/wp-content\/uploads\/2026\/03\/image-17-1024x685.png\" alt=\"\" class=\"wp-image-4405\" srcset=\"https:\/\/entresemillas.com\/blog\/wp-content\/uploads\/2026\/03\/image-17-1024x685.png 1024w, https:\/\/entresemillas.com\/blog\/wp-content\/uploads\/2026\/03\/image-17-300x201.png 300w, https:\/\/entresemillas.com\/blog\/wp-content\/uploads\/2026\/03\/image-17-768x514.png 768w, https:\/\/entresemillas.com\/blog\/wp-content\/uploads\/2026\/03\/image-17-1536x1028.png 1536w, https:\/\/entresemillas.com\/blog\/wp-content\/uploads\/2026\/03\/image-17.png 1920w\" sizes=\"auto, (max-width: 1024px) 100vw, 1024px\" \/><\/a><figcaption class=\"wp-element-caption\"><em><sup>Tigerente (CC BY-SA 3.0)<\/sup><\/em><\/figcaption><\/figure>\n\n\n\n<hr class=\"wp-block-separator has-alpha-channel-opacity\"\/>\n\n\n\n<h2 class=\"wp-block-heading\">&#x2702;&#xfe0f; Mantenimiento del cultivo<\/h2>\n\n\n\n<p>El cucamel\u00f3n es una planta trepadora muy vigorosa.<\/p>\n\n\n\n<p>Conviene guiar los tallos hacia el soporte para facilitar el crecimiento vertical. Esto mejora la ventilaci\u00f3n, reduce enfermedades y facilita la cosecha.<\/p>\n\n\n\n<p>Mantener el suelo limpio de malas hierbas y aplicar acolchado ayuda a conservar la humedad y estabilizar la temperatura del suelo.<\/p>\n\n\n\n<p>La poda suele ser innecesaria en cultivo dom\u00e9stico.<\/p>\n\n\n\n<hr class=\"wp-block-separator has-alpha-channel-opacity\"\/>\n\n\n\n<h2 class=\"wp-block-heading\">&#x1f4a7; Riego<\/h2>\n\n\n\n<p>Necesita riego regular, especialmente durante la floraci\u00f3n y el desarrollo de frutos.<\/p>\n\n\n\n<p>El suelo debe mantenerse ligeramente h\u00famedo de forma constante. Las sequ\u00edas prolongadas reducen la producci\u00f3n.<\/p>\n\n\n\n<p>El exceso de agua, por otro lado, puede favorecer enfermedades radiculares, por lo que el drenaje es fundamental.<\/p>\n\n\n\n<hr class=\"wp-block-separator has-alpha-channel-opacity\"\/>\n\n\n\n<h2 class=\"wp-block-heading\">&#x1f33c; Abonado<\/h2>\n\n\n\n<p>Es una planta moderadamente exigente en nutrientes.<\/p>\n\n\n\n<p>Antes del cultivo conviene enriquecer el suelo con compost maduro. Durante el crecimiento vegetativo necesita nitr\u00f3geno moderado para desarrollar follaje.<\/p>\n\n\n\n<p>A medida que comienza la floraci\u00f3n y fructificaci\u00f3n, aumenta la demanda de potasio, importante para la formaci\u00f3n y calidad de los frutos.<\/p>\n\n\n\n<p>Un abonado equilibrado favorece una producci\u00f3n continua.<\/p>\n\n\n\n<hr class=\"wp-block-separator has-alpha-channel-opacity\"\/>\n\n\n\n<h2 class=\"wp-block-heading\">&#x1f41b; Plagas y enfermedades habituales<\/h2>\n\n\n\n<p>El cucamel\u00f3n suele ser bastante resistente comparado con otras cucurbit\u00e1ceas.<\/p>\n\n\n\n<p>Puede verse afectado ocasionalmente por pulgones o ara\u00f1a roja en condiciones muy secas. Las enfermedades f\u00fangicas aparecen principalmente con exceso de humedad y mala ventilaci\u00f3n. Especialmente durante la germinaci\u00f3n de las semillas airea a diario para evitar la proliferaci\u00f3n de hongos.<\/p>\n\n\n\n<p>El cultivo vertical ayuda a reducir estos problemas.<\/p>\n\n\n\n<hr class=\"wp-block-separator has-alpha-channel-opacity\"\/>\n\n\n\n<h2 class=\"wp-block-heading\">&#x1f952; Cosecha<\/h2>\n\n\n\n<p>Los frutos se recolectan cuando alcanzan aproximadamente el tama\u00f1o de una <strong>uva grande o peque\u00f1a aceituna<\/strong>, manteniendo firmeza y color verde con el caracter\u00edstico patr\u00f3n que recuerda a una mini sand\u00eda.<\/p>\n\n\n\n<p>La recolecci\u00f3n frecuente estimula la producci\u00f3n de nuevos frutos. Si se dejan madurar demasiado, pueden perder textura y sabor.<\/p>\n\n\n\n<p>Los frutos se desprenden f\u00e1cilmente del ped\u00fanculo, aunque puede utilizarse tijera si se desea evitar tirones en la planta.<\/p>\n\n\n\n<p>En condiciones c\u00e1lidas y con buena exposici\u00f3n, la planta puede producir durante gran parte del verano.<\/p>\n\n\n\n<figure class=\"wp-block-image size-full\"><a href=\"https:\/\/entresemillas.com\/blog\/wp-content\/uploads\/2026\/03\/image-19.png\"><img loading=\"lazy\" decoding=\"async\" width=\"563\" height=\"750\" src=\"https:\/\/entresemillas.com\/blog\/wp-content\/uploads\/2026\/03\/image-19.png\" alt=\"\" class=\"wp-image-4407\" srcset=\"https:\/\/entresemillas.com\/blog\/wp-content\/uploads\/2026\/03\/image-19.png 563w, https:\/\/entresemillas.com\/blog\/wp-content\/uploads\/2026\/03\/image-19-225x300.png 225w\" sizes=\"auto, (max-width: 563px) 100vw, 563px\" \/><\/a><\/figure>\n\n\n\n<hr class=\"wp-block-separator has-alpha-channel-opacity\"\/>\n\n\n\n<h2 class=\"wp-block-heading\">&#x1f331; D\u00f3nde comprar semillas<\/h2>\n\n\n\n<p>Si quieres cultivar cucamel\u00f3n y disfrutar de una planta original, productiva y muy decorativa, en EntreSemillas encontrar\u00e1s <a href=\"https:\/\/entresemillas.com\/enredaderas-trepadoras\/649-31-cucamelon-melothria-scabra-semillas.html#\/22-tamano-pequeno_15_semillas\">semillas de Cucamel\u00f3n <\/a>seleccionadas para iniciar el cultivo con buenas garant\u00edas.<\/p>\n","protected":false},"excerpt":{"rendered":"<p>El cucamel\u00f3n (Melothria scabra), tambi\u00e9n conocido como sand\u00eda rat\u00f3n o pepinillo mexicano, es una planta trepadora de origen centroamericano que [&hellip;]<\/p>\n","protected":false},"author":1,"featured_media":4400,"comment_status":"open","ping_status":"closed","sticky":false,"template":"","format":"standard","meta":{"site-sidebar-layout":"default","site-content-layout":"","ast-site-content-layout":"default","site-content-style":"default","site-sidebar-style":"default","ast-global-header-display":"","ast-banner-title-visibility":"","ast-main-header-display":"","ast-hfb-above-header-display":"","ast-hfb-below-header-display":"","ast-hfb-mobile-header-display":"","site-post-title":"","ast-breadcrumbs-content":"","ast-featured-img":"","footer-sml-layout":"","ast-disable-related-posts":"","theme-transparent-header-meta":"","adv-header-id-meta":"","stick-header-meta":"","header-above-stick-meta":"","header-main-stick-meta":"","header-below-stick-meta":"","astra-migrate-meta-layouts":"default","ast-page-background-enabled":"default","ast-page-background-meta":{"desktop":{"background-color":"var(--ast-global-color-5)","background-image":"","background-repeat":"repeat","background-position":"center center","background-size":"auto","background-attachment":"scroll","background-type":"","background-media":"","overlay-type":"","overlay-color":"","overlay-opacity":"","overlay-gradient":""},"tablet":{"background-color":"","background-image":"","background-repeat":"repeat","background-position":"center center","background-size":"auto","background-attachment":"scroll","background-type":"","background-media":"","overlay-type":"","overlay-color":"","overlay-opacity":"","overlay-gradient":""},"mobile":{"background-color":"","background-image":"","background-repeat":"repeat","background-position":"center center","background-size":"auto","background-attachment":"scroll","background-type":"","background-media":"","overlay-type":"","overlay-color":"","overlay-opacity":"","overlay-gradient":""}},"ast-content-background-meta":{"desktop":{"background-color":"var(--ast-global-color-4)","background-image":"","background-repeat":"repeat","background-position":"center center","background-size":"auto","background-attachment":"scroll","background-type":"","background-media":"","overlay-type":"","overlay-color":"","overlay-opacity":"","overlay-gradient":""},"tablet":{"background-color":"var(--ast-global-color-4)","background-image":"","background-repeat":"repeat","background-position":"center center","background-size":"auto","background-attachment":"scroll","background-type":"","background-media":"","overlay-type":"","overlay-color":"","overlay-opacity":"","overlay-gradient":""},"mobile":{"background-color":"var(--ast-global-color-4)","background-image":"","background-repeat":"repeat","background-position":"center center","background-size":"auto","background-attachment":"scroll","background-type":"","background-media":"","overlay-type":"","overlay-color":"","overlay-opacity":"","overlay-gradient":""}},"footnotes":""},"categories":[193],"tags":[],"class_list":["post-4399","post","type-post","status-publish","format-standard","has-post-thumbnail","hentry","category-guias-de-siembra-y-cultivo"],"_links":{"self":[{"href":"https:\/\/entresemillas.com\/blog\/wp-json\/wp\/v2\/posts\/4399","targetHints":{"allow":["GET"]}}],"collection":[{"href":"https:\/\/entresemillas.com\/blog\/wp-json\/wp\/v2\/posts"}],"about":[{"href":"https:\/\/entresemillas.com\/blog\/wp-json\/wp\/v2\/types\/post"}],"author":[{"embeddable":true,"href":"https:\/\/entresemillas.com\/blog\/wp-json\/wp\/v2\/users\/1"}],"replies":[{"embeddable":true,"href":"https:\/\/entresemillas.com\/blog\/wp-json\/wp\/v2\/comments?post=4399"}],"version-history":[{"count":4,"href":"https:\/\/entresemillas.com\/blog\/wp-json\/wp\/v2\/posts\/4399\/revisions"}],"predecessor-version":[{"id":4408,"href":"https:\/\/entresemillas.com\/blog\/wp-json\/wp\/v2\/posts\/4399\/revisions\/4408"}],"wp:featuredmedia":[{"embeddable":true,"href":"https:\/\/entresemillas.com\/blog\/wp-json\/wp\/v2\/media\/4400"}],"wp:attachment":[{"href":"https:\/\/entresemillas.com\/blog\/wp-json\/wp\/v2\/media?parent=4399"}],"wp:term":[{"taxonomy":"category","embeddable":true,"href":"https:\/\/entresemillas.com\/blog\/wp-json\/wp\/v2\/categories?post=4399"},{"taxonomy":"post_tag","embeddable":true,"href":"https:\/\/entresemillas.com\/blog\/wp-json\/wp\/v2\/tags?post=4399"}],"curies":[{"name":"wp","href":"https:\/\/api.w.org\/{rel}","templated":true}]}}