{"id":4561,"date":"2026-09-01T22:04:47","date_gmt":"2026-09-01T20:04:47","guid":{"rendered":"https:\/\/entresemillas.com\/blog\/?p=4561"},"modified":"2026-09-01T22:04:47","modified_gmt":"2026-09-01T20:04:47","slug":"8-cosas-que-hacer-con-el-jardin-al-terminar-el-verano","status":"publish","type":"post","link":"https:\/\/entresemillas.com\/blog\/8-cosas-que-hacer-con-el-jardin-al-terminar-el-verano\/","title":{"rendered":"8 cosas que hacer con el jard\u00edn al terminar el verano"},"content":{"rendered":"\n<p class=\"wp-block-paragraph\">El final del verano puede dar la sensaci\u00f3n de que el jard\u00edn pide una puesta a punto completa. Hay hojas secas, flores agotadas, plantas que han crecido demasiado y otras que parecen haber terminado su temporada.<\/p>\n\n\n\n<p class=\"wp-block-paragraph\">Pero <strong>septiembre no es el momento de cortar, arrancar y limpiar todo<\/strong>. De hecho, algunas de las mejores decisiones para preparar el jard\u00edn para el oto\u00f1o consisten precisamente en saber qu\u00e9 hacer ahora\u2026 y qu\u00e9 dejar tranquilo unas semanas m\u00e1s.<\/p>\n\n\n\n<h2 class=\"wp-block-heading\">1. Retira lo que est\u00e9 realmente enfermo<\/h2>\n\n\n\n<p class=\"wp-block-paragraph\">Una hoja amarilla o seca no es necesariamente un problema. Sin embargo, si una planta presenta partes claramente afectadas por hongos u otras enfermedades, conviene retirarlas para reducir la cantidad de material infectado que queda alrededor.<\/p>\n\n\n\n<p class=\"wp-block-paragraph\">Recoge tambi\u00e9n frutos podridos y restos vegetales enfermos que hayan ca\u00eddo al suelo.<\/p>\n\n\n\n<p class=\"wp-block-paragraph\">En estos casos, es preferible <strong>no incorporar el material afectado al compost dom\u00e9stico<\/strong> si no sabemos que este alcanzar\u00e1 temperaturas suficientes para destruir los pat\u00f3genos.<\/p>\n\n\n\n<h2 class=\"wp-block-heading\">2. No tengas demasiada prisa por cortar todas las flores secas<\/h2>\n\n\n\n<p class=\"wp-block-paragraph\">Aqu\u00ed podemos hacer justo lo contrario de lo que durante a\u00f1os se ha considerado un jard\u00edn perfectamente cuidado.<\/p>\n\n\n\n<p class=\"wp-block-paragraph\">Muchas flores que dejamos madurar producir\u00e1n semillas.<\/p>\n\n\n\n<p class=\"wp-block-paragraph\">Equin\u00e1ceas, girasoles, cosmos, zinnias, rudbeckias y muchas otras plantas pueden convertirse en una peque\u00f1a despensa para aves y otros animales. Y, dependiendo de la especie, algunas semillas acabar\u00e1n cayendo al suelo y podr\u00e1n originar nuevas plantas.<\/p>\n\n\n\n<p class=\"wp-block-paragraph\">Si quieres <strong>recoger semillas para sembrarlas t\u00fa mismo<\/strong>, espera a que las cabezuelas o frutos hayan madurado y comenzado a secarse antes de recolectarlos.<\/p>\n\n\n\n<p class=\"wp-block-paragraph\">Eso s\u00ed: en h\u00edbridos y determinadas variedades cultivadas, las plantas obtenidas de esas semillas no tienen por qu\u00e9 ser id\u00e9nticas a la planta madre.<\/p>\n\n\n\n<h2 class=\"wp-block-heading\">3. Aprovecha para recoger tus propias semillas<\/h2>\n\n\n\n<p class=\"wp-block-paragraph\">Precisamente el final del verano es uno de los momentos m\u00e1s entretenidos para quien disfruta sembrando.<\/p>\n\n\n\n<p class=\"wp-block-paragraph\">Observa qu\u00e9 plantas est\u00e1n formando frutos o c\u00e1psulas secas. Cuando hayan madurado, puedes recoger las semillas, dejarlas terminar de secar en un lugar ventilado y guardarlas en sobres de papel correctamente identificados.<\/p>\n\n\n\n<p class=\"wp-block-paragraph\"><strong>Anota al menos la especie o variedad y el a\u00f1o de recolecci\u00f3n.<\/strong> Dentro de unos meses agradecer\u00e1s haberlo hecho.<\/p>\n\n\n\n<p class=\"wp-block-paragraph\">Y evita recoger semillas demasiado pronto: una c\u00e1psula grande no significa necesariamente que la semilla de su interior ya haya alcanzado la madurez.<\/p>\n\n\n\n<h2 class=\"wp-block-heading\">4. No podes todo simplemente porque ha terminado el verano<\/h2>\n\n\n\n<p class=\"wp-block-paragraph\">Septiembre tampoco significa autom\u00e1ticamente \u00ab\u00e9poca de poda\u00bb.<\/p>\n\n\n\n<p class=\"wp-block-paragraph\">Una poda intensa puede estimular nuevos brotes tiernos que despu\u00e9s ser\u00e1n m\u00e1s vulnerables cuando bajen las temperaturas. Adem\u00e1s, muchos arbustos forman con bastante antelaci\u00f3n las yemas que producir\u00e1n sus pr\u00f3ximas flores.<\/p>\n\n\n\n<p class=\"wp-block-paragraph\">Podarlos en el momento equivocado puede significar <strong>eliminar sin querer buena parte de la floraci\u00f3n del a\u00f1o siguiente<\/strong>.<\/p>\n\n\n\n<p class=\"wp-block-paragraph\">Retirar ramas muertas, rotas o enfermas es otra cuesti\u00f3n, pero antes de hacer una poda importante conviene comprobar cu\u00e1l es la \u00e9poca adecuada para cada especie.<\/p>\n\n\n\n<h2 class=\"wp-block-heading\">5. Es un buen momento para mirar el suelo<\/h2>\n\n\n\n<p class=\"wp-block-paragraph\">Despu\u00e9s de meses de calor y riegos frecuentes, podemos encontrarnos una superficie compactada y zonas que han perdido buena parte de su cobertura.<\/p>\n\n\n\n<p class=\"wp-block-paragraph\">En lugar de remover profundamente toda la tierra, podemos incorporar <strong>una capa superficial de compost bien maduro<\/strong> y mantener el suelo protegido mediante acolchado cuando sea apropiado.<\/p>\n\n\n\n<p class=\"wp-block-paragraph\">Adem\u00e1s de aportar materia org\u00e1nica progresivamente, una cubierta ayuda a conservar humedad, amortiguar los cambios de temperatura y limitar la aparici\u00f3n de algunas hierbas espont\u00e1neas.<\/p>\n\n\n\n<p class=\"wp-block-paragraph\">Y hay una ventaja adicional: el suelo contin\u00faa lleno de actividad biol\u00f3gica aunque nosotros dejemos de verlo.<\/p>\n\n\n\n<h2 class=\"wp-block-heading\">6. No arranques autom\u00e1ticamente las plantas que parecen haber terminado<\/h2>\n\n\n\n<p class=\"wp-block-paragraph\">Algunas anuales realmente estar\u00e1n llegando al final de su ciclo y podremos retirarlas. Pero otras plantas simplemente han sufrido el verano.<\/p>\n\n\n\n<p class=\"wp-block-paragraph\">Antes de dar una planta por perdida, observa los tallos, la base y la aparici\u00f3n de nuevas yemas.<\/p>\n\n\n\n<p class=\"wp-block-paragraph\">Con temperaturas m\u00e1s suaves y algo m\u00e1s de humedad, <strong>muchas plantas vuelven a crecer sorprendentemente bien durante el oto\u00f1o<\/strong>.<\/p>\n\n\n\n<p class=\"wp-block-paragraph\">Esto es especialmente evidente en climas mediterr\u00e1neos, donde el verano puede ser una \u00e9poca mucho m\u00e1s dif\u00edcil para determinadas especies que el propio oto\u00f1o.<\/p>\n\n\n\n<h2 class=\"wp-block-heading\">7. Empieza a pensar en las siembras de oto\u00f1o<\/h2>\n\n\n\n<p class=\"wp-block-paragraph\">El final del verano no significa que termine la temporada de siembra. Para muchas especies ocurre justamente lo contrario.<\/p>\n\n\n\n<p class=\"wp-block-paragraph\">Seg\u00fan el clima, durante las pr\u00f3ximas semanas podemos empezar o continuar con cultivos como:<\/p>\n\n\n\n<ul class=\"wp-block-list\">\n<li>espinacas<\/li>\n\n\n\n<li>r\u00e1banos<\/li>\n\n\n\n<li>r\u00facula<\/li>\n\n\n\n<li>acelgas<\/li>\n\n\n\n<li>guisantes<\/li>\n\n\n\n<li>habas<\/li>\n\n\n\n<li>algunas lechugas<\/li>\n\n\n\n<li>determinadas brassicas<\/li>\n<\/ul>\n\n\n\n<p class=\"wp-block-paragraph\">Tambi\u00e9n es un buen momento para empezar a planificar la siembra de numerosas flores que aprovechan las temperaturas m\u00e1s suaves del oto\u00f1o.<\/p>\n\n\n\n<p class=\"wp-block-paragraph\">En zonas de inviernos suaves, <strong>el calendario de siembra puede continuar durante buena parte del a\u00f1o<\/strong>.<\/p>\n\n\n\n<h2 class=\"wp-block-heading\">8. Deja alg\u00fan rinc\u00f3n un poco menos perfecto<\/h2>\n\n\n\n<p class=\"wp-block-paragraph\">No hace falta convertir el jard\u00edn en una selva, pero tampoco necesitamos retirar cada tallo, hoja y semilla que cae al suelo.<\/p>\n\n\n\n<p class=\"wp-block-paragraph\">Tallos secos, peque\u00f1as acumulaciones de hojas y vegetaci\u00f3n que permanece en pie pueden proporcionar <strong>refugio, alimento y lugares de hibernaci\u00f3n<\/strong> para numerosos peque\u00f1os animales e insectos.<\/p>\n\n\n\n<p class=\"wp-block-paragraph\">Incluso algunas plantas que consideramos \u00absecas\u00bb siguen cumpliendo una funci\u00f3n mucho despu\u00e9s de terminar su floraci\u00f3n.<\/p>\n\n\n\n<p class=\"wp-block-paragraph\">Un jard\u00edn preparado para el oto\u00f1o no tiene por qu\u00e9 parecer completamente limpio.<\/p>\n\n\n\n<hr class=\"wp-block-separator has-alpha-channel-opacity\"\/>\n\n\n\n<h2 class=\"wp-block-heading\">El final del verano no es el final del jard\u00edn<\/h2>\n\n\n\n<p class=\"wp-block-paragraph\">Quiz\u00e1 el cambio m\u00e1s \u00fatil sea dejar de pensar en septiembre como el momento de \u00abcerrar\u00bb el jard\u00edn.<\/p>\n\n\n\n<p class=\"wp-block-paragraph\">Es m\u00e1s bien una transici\u00f3n.<\/p>\n\n\n\n<p class=\"wp-block-paragraph\">Mientras unas plantas terminan su ciclo, otras empiezan a crecer de nuevo; unas semillas est\u00e1n listas para ser recogidas y otras esperan precisamente las temperaturas del oto\u00f1o para germinar.<\/p>\n\n\n\n<p class=\"wp-block-paragraph\">Por eso, antes de coger las tijeras y empezar a retirar todo, <strong>merece la pena observar qu\u00e9 est\u00e1 ocurriendo en cada rinc\u00f3n<\/strong>.<\/p>\n\n\n\n<p class=\"wp-block-paragraph\">A veces preparar bien el jard\u00edn para la siguiente estaci\u00f3n significa trabajar un poco.<\/p>\n\n\n\n<p class=\"wp-block-paragraph\">Y otras veces significa, sencillamente, <strong>no hacer nada todav\u00eda<\/strong>.<\/p>\n\n\n\n<p class=\"wp-block-paragraph\"><\/p>\n","protected":false},"excerpt":{"rendered":"<p>El final del verano puede dar la sensaci\u00f3n de que el jard\u00edn pide una puesta a punto completa. Hay hojas [&hellip;]<\/p>\n","protected":false},"author":1,"featured_media":4562,"comment_status":"open","ping_status":"closed","sticky":false,"template":"","format":"standard","meta":{"site-sidebar-layout":"default","site-content-layout":"","ast-site-content-layout":"default","site-content-style":"default","site-sidebar-style":"default","ast-global-header-display":"","ast-banner-title-visibility":"","ast-main-header-display":"","ast-hfb-above-header-display":"","ast-hfb-below-header-display":"","ast-hfb-mobile-header-display":"","site-post-title":"","ast-breadcrumbs-content":"","ast-featured-img":"","footer-sml-layout":"","ast-disable-related-posts":"","theme-transparent-header-meta":"","adv-header-id-meta":"","stick-header-meta":"","header-above-stick-meta":"","header-main-stick-meta":"","header-below-stick-meta":"","astra-migrate-meta-layouts":"default","ast-page-background-enabled":"default","ast-page-background-meta":{"desktop":{"background-color":"var(--ast-global-color-5)","background-image":"","background-repeat":"repeat","background-position":"center center","background-size":"auto","background-attachment":"scroll","background-type":"","background-media":"","overlay-type":"","overlay-color":"","overlay-opacity":"","overlay-gradient":""},"tablet":{"background-color":"","background-image":"","background-repeat":"repeat","background-position":"center center","background-size":"auto","background-attachment":"scroll","background-type":"","background-media":"","overlay-type":"","overlay-color":"","overlay-opacity":"","overlay-gradient":""},"mobile":{"background-color":"","background-image":"","background-repeat":"repeat","background-position":"center center","background-size":"auto","background-attachment":"scroll","background-type":"","background-media":"","overlay-type":"","overlay-color":"","overlay-opacity":"","overlay-gradient":""}},"ast-content-background-meta":{"desktop":{"background-color":"var(--ast-global-color-4)","background-image":"","background-repeat":"repeat","background-position":"center center","background-size":"auto","background-attachment":"scroll","background-type":"","background-media":"","overlay-type":"","overlay-color":"","overlay-opacity":"","overlay-gradient":""},"tablet":{"background-color":"var(--ast-global-color-4)","background-image":"","background-repeat":"repeat","background-position":"center center","background-size":"auto","background-attachment":"scroll","background-type":"","background-media":"","overlay-type":"","overlay-color":"","overlay-opacity":"","overlay-gradient":""},"mobile":{"background-color":"var(--ast-global-color-4)","background-image":"","background-repeat":"repeat","background-position":"center center","background-size":"auto","background-attachment":"scroll","background-type":"","background-media":"","overlay-type":"","overlay-color":"","overlay-opacity":"","overlay-gradient":""}},"footnotes":""},"categories":[3,20],"tags":[],"class_list":["post-4561","post","type-post","status-publish","format-standard","has-post-thumbnail","hentry","category-como-cultivar","category-jardineria"],"yoast_head":"<!-- This site is optimized with the Yoast SEO plugin v27.7 - https:\/\/yoast.com\/product\/yoast-seo-wordpress\/ -->\n<title>8 cosas que hacer con el jard\u00edn al terminar el verano | Blog EntreSemillas<\/title>\n<meta name=\"robots\" content=\"index, follow, max-snippet:-1, max-image-preview:large, max-video-preview:-1\" \/>\n<link rel=\"canonical\" href=\"https:\/\/entresemillas.com\/blog\/8-cosas-que-hacer-con-el-jardin-al-terminar-el-verano\/\" \/>\n<meta property=\"og:locale\" content=\"es_ES\" \/>\n<meta property=\"og:type\" content=\"article\" \/>\n<meta property=\"og:title\" content=\"8 cosas que hacer con el jard\u00edn al terminar el verano | Blog EntreSemillas\" \/>\n<meta property=\"og:description\" content=\"El final del verano puede dar la sensaci\u00f3n de que el jard\u00edn pide una puesta a punto completa. Hay hojas [&hellip;]\" \/>\n<meta property=\"og:url\" content=\"https:\/\/entresemillas.com\/blog\/8-cosas-que-hacer-con-el-jardin-al-terminar-el-verano\/\" \/>\n<meta property=\"og:site_name\" content=\"Blog EntreSemillas\" \/>\n<meta property=\"article:publisher\" content=\"https:\/\/www.facebook.com\/Entresemillas\" \/>\n<meta property=\"article:published_time\" content=\"2026-09-01T20:04:47+00:00\" \/>\n<meta property=\"og:image\" content=\"https:\/\/entresemillas.com\/blog\/wp-content\/uploads\/2026\/09\/8tareas.jpg\" \/>\n\t<meta property=\"og:image:width\" content=\"1000\" \/>\n\t<meta property=\"og:image:height\" content=\"1000\" \/>\n\t<meta property=\"og:image:type\" content=\"image\/jpeg\" \/>\n<meta name=\"author\" content=\"EntreSemillas\" \/>\n<meta name=\"twitter:card\" content=\"summary_large_image\" \/>\n<meta name=\"twitter:label1\" content=\"Escrito por\" \/>\n\t<meta name=\"twitter:data1\" content=\"EntreSemillas\" \/>\n\t<meta name=\"twitter:label2\" content=\"Tiempo de lectura\" \/>\n\t<meta name=\"twitter:data2\" content=\"5 minutos\" \/>\n<script type=\"application\/ld+json\" class=\"yoast-schema-graph\">{\"@context\":\"https:\\\/\\\/schema.org\",\"@graph\":[{\"@type\":\"Article\",\"@id\":\"https:\\\/\\\/entresemillas.com\\\/blog\\\/8-cosas-que-hacer-con-el-jardin-al-terminar-el-verano\\\/#article\",\"isPartOf\":{\"@id\":\"https:\\\/\\\/entresemillas.com\\\/blog\\\/8-cosas-que-hacer-con-el-jardin-al-terminar-el-verano\\\/\"},\"author\":{\"name\":\"EntreSemillas\",\"@id\":\"https:\\\/\\\/entresemillas.com\\\/blog\\\/#\\\/schema\\\/person\\\/8fac769fe8889e61acd856b2001b46e5\"},\"headline\":\"8 cosas que hacer con el jard\u00edn al terminar el verano\",\"datePublished\":\"2026-09-01T20:04:47+00:00\",\"mainEntityOfPage\":{\"@id\":\"https:\\\/\\\/entresemillas.com\\\/blog\\\/8-cosas-que-hacer-con-el-jardin-al-terminar-el-verano\\\/\"},\"wordCount\":1030,\"commentCount\":0,\"publisher\":{\"@id\":\"https:\\\/\\\/entresemillas.com\\\/blog\\\/#organization\"},\"image\":{\"@id\":\"https:\\\/\\\/entresemillas.com\\\/blog\\\/8-cosas-que-hacer-con-el-jardin-al-terminar-el-verano\\\/#primaryimage\"},\"thumbnailUrl\":\"https:\\\/\\\/entresemillas.com\\\/blog\\\/wp-content\\\/uploads\\\/2026\\\/09\\\/8tareas.jpg\",\"articleSection\":[\"C\u00f3mo cultivar\",\"Jardiner\u00eda\"],\"inLanguage\":\"es\",\"potentialAction\":[{\"@type\":\"CommentAction\",\"name\":\"Comment\",\"target\":[\"https:\\\/\\\/entresemillas.com\\\/blog\\\/8-cosas-que-hacer-con-el-jardin-al-terminar-el-verano\\\/#respond\"]}]},{\"@type\":\"WebPage\",\"@id\":\"https:\\\/\\\/entresemillas.com\\\/blog\\\/8-cosas-que-hacer-con-el-jardin-al-terminar-el-verano\\\/\",\"url\":\"https:\\\/\\\/entresemillas.com\\\/blog\\\/8-cosas-que-hacer-con-el-jardin-al-terminar-el-verano\\\/\",\"name\":\"8 cosas que hacer con el jard\u00edn al terminar el verano | Blog EntreSemillas\",\"isPartOf\":{\"@id\":\"https:\\\/\\\/entresemillas.com\\\/blog\\\/#website\"},\"primaryImageOfPage\":{\"@id\":\"https:\\\/\\\/entresemillas.com\\\/blog\\\/8-cosas-que-hacer-con-el-jardin-al-terminar-el-verano\\\/#primaryimage\"},\"image\":{\"@id\":\"https:\\\/\\\/entresemillas.com\\\/blog\\\/8-cosas-que-hacer-con-el-jardin-al-terminar-el-verano\\\/#primaryimage\"},\"thumbnailUrl\":\"https:\\\/\\\/entresemillas.com\\\/blog\\\/wp-content\\\/uploads\\\/2026\\\/09\\\/8tareas.jpg\",\"datePublished\":\"2026-09-01T20:04:47+00:00\",\"breadcrumb\":{\"@id\":\"https:\\\/\\\/entresemillas.com\\\/blog\\\/8-cosas-que-hacer-con-el-jardin-al-terminar-el-verano\\\/#breadcrumb\"},\"inLanguage\":\"es\",\"potentialAction\":[{\"@type\":\"ReadAction\",\"target\":[\"https:\\\/\\\/entresemillas.com\\\/blog\\\/8-cosas-que-hacer-con-el-jardin-al-terminar-el-verano\\\/\"]}]},{\"@type\":\"ImageObject\",\"inLanguage\":\"es\",\"@id\":\"https:\\\/\\\/entresemillas.com\\\/blog\\\/8-cosas-que-hacer-con-el-jardin-al-terminar-el-verano\\\/#primaryimage\",\"url\":\"https:\\\/\\\/entresemillas.com\\\/blog\\\/wp-content\\\/uploads\\\/2026\\\/09\\\/8tareas.jpg\",\"contentUrl\":\"https:\\\/\\\/entresemillas.com\\\/blog\\\/wp-content\\\/uploads\\\/2026\\\/09\\\/8tareas.jpg\",\"width\":1000,\"height\":1000,\"caption\":\"8 cosas que hacer con el jard\u00edn al terminar el verano\"},{\"@type\":\"BreadcrumbList\",\"@id\":\"https:\\\/\\\/entresemillas.com\\\/blog\\\/8-cosas-que-hacer-con-el-jardin-al-terminar-el-verano\\\/#breadcrumb\",\"itemListElement\":[{\"@type\":\"ListItem\",\"position\":1,\"name\":\"Blog\",\"item\":\"https:\\\/\\\/entresemillas.com\\\/blog\\\/\"},{\"@type\":\"ListItem\",\"position\":2,\"name\":\"8 cosas que hacer con el jard\u00edn al terminar el verano\"}]},{\"@type\":\"WebSite\",\"@id\":\"https:\\\/\\\/entresemillas.com\\\/blog\\\/#website\",\"url\":\"https:\\\/\\\/entresemillas.com\\\/blog\\\/\",\"name\":\"Blog EntreSemillas\",\"description\":\"Blog de plantas y semillas ex\u00f3ticas, tropicales, raras\",\"publisher\":{\"@id\":\"https:\\\/\\\/entresemillas.com\\\/blog\\\/#organization\"},\"potentialAction\":[{\"@type\":\"SearchAction\",\"target\":{\"@type\":\"EntryPoint\",\"urlTemplate\":\"https:\\\/\\\/entresemillas.com\\\/blog\\\/?s={search_term_string}\"},\"query-input\":{\"@type\":\"PropertyValueSpecification\",\"valueRequired\":true,\"valueName\":\"search_term_string\"}}],\"inLanguage\":\"es\"},{\"@type\":\"Organization\",\"@id\":\"https:\\\/\\\/entresemillas.com\\\/blog\\\/#organization\",\"name\":\"EntreSemillas\",\"url\":\"https:\\\/\\\/entresemillas.com\\\/blog\\\/\",\"logo\":{\"@type\":\"ImageObject\",\"inLanguage\":\"es\",\"@id\":\"https:\\\/\\\/entresemillas.com\\\/blog\\\/#\\\/schema\\\/logo\\\/image\\\/\",\"url\":\"https:\\\/\\\/entresemillas.com\\\/blog\\\/wp-content\\\/uploads\\\/2026\\\/06\\\/logo-entresemillas.png\",\"contentUrl\":\"https:\\\/\\\/entresemillas.com\\\/blog\\\/wp-content\\\/uploads\\\/2026\\\/06\\\/logo-entresemillas.png\",\"width\":261,\"height\":42,\"caption\":\"EntreSemillas\"},\"image\":{\"@id\":\"https:\\\/\\\/entresemillas.com\\\/blog\\\/#\\\/schema\\\/logo\\\/image\\\/\"},\"sameAs\":[\"https:\\\/\\\/www.facebook.com\\\/Entresemillas\",\"https:\\\/\\\/www.instagram.com\\\/entresemillas\\\/\",\"https:\\\/\\\/www.pinterest.es\\\/entresemillas\\\/\",\"https:\\\/\\\/www.youtube.com\\\/@EntreSemillas\"]},{\"@type\":\"Person\",\"@id\":\"https:\\\/\\\/entresemillas.com\\\/blog\\\/#\\\/schema\\\/person\\\/8fac769fe8889e61acd856b2001b46e5\",\"name\":\"EntreSemillas\",\"image\":{\"@type\":\"ImageObject\",\"inLanguage\":\"es\",\"@id\":\"https:\\\/\\\/secure.gravatar.com\\\/avatar\\\/387b356a912eff8497f8386dfbc876b41f0d4b6611ce2ee5c0fd18be9b6db6a4?s=96&d=mm&r=g\",\"url\":\"https:\\\/\\\/secure.gravatar.com\\\/avatar\\\/387b356a912eff8497f8386dfbc876b41f0d4b6611ce2ee5c0fd18be9b6db6a4?s=96&d=mm&r=g\",\"contentUrl\":\"https:\\\/\\\/secure.gravatar.com\\\/avatar\\\/387b356a912eff8497f8386dfbc876b41f0d4b6611ce2ee5c0fd18be9b6db6a4?s=96&d=mm&r=g\",\"caption\":\"EntreSemillas\"},\"url\":\"https:\\\/\\\/entresemillas.com\\\/blog\\\/author\\\/carlos-palomo\\\/\"}]}<\/script>\n<!-- \/ Yoast SEO plugin. -->","yoast_head_json":{"title":"8 cosas que hacer con el jard\u00edn al terminar el verano | Blog EntreSemillas","robots":{"index":"index","follow":"follow","max-snippet":"max-snippet:-1","max-image-preview":"max-image-preview:large","max-video-preview":"max-video-preview:-1"},"canonical":"https:\/\/entresemillas.com\/blog\/8-cosas-que-hacer-con-el-jardin-al-terminar-el-verano\/","og_locale":"es_ES","og_type":"article","og_title":"8 cosas que hacer con el jard\u00edn al terminar el verano | Blog EntreSemillas","og_description":"El final del verano puede dar la sensaci\u00f3n de que el jard\u00edn pide una puesta a punto completa. Hay hojas [&hellip;]","og_url":"https:\/\/entresemillas.com\/blog\/8-cosas-que-hacer-con-el-jardin-al-terminar-el-verano\/","og_site_name":"Blog EntreSemillas","article_publisher":"https:\/\/www.facebook.com\/Entresemillas","article_published_time":"2026-09-01T20:04:47+00:00","og_image":[{"width":1000,"height":1000,"url":"https:\/\/entresemillas.com\/blog\/wp-content\/uploads\/2026\/09\/8tareas.jpg","type":"image\/jpeg"}],"author":"EntreSemillas","twitter_card":"summary_large_image","twitter_misc":{"Escrito por":"EntreSemillas","Tiempo de lectura":"5 minutos"},"schema":{"@context":"https:\/\/schema.org","@graph":[{"@type":"Article","@id":"https:\/\/entresemillas.com\/blog\/8-cosas-que-hacer-con-el-jardin-al-terminar-el-verano\/#article","isPartOf":{"@id":"https:\/\/entresemillas.com\/blog\/8-cosas-que-hacer-con-el-jardin-al-terminar-el-verano\/"},"author":{"name":"EntreSemillas","@id":"https:\/\/entresemillas.com\/blog\/#\/schema\/person\/8fac769fe8889e61acd856b2001b46e5"},"headline":"8 cosas que hacer con el jard\u00edn al terminar el verano","datePublished":"2026-09-01T20:04:47+00:00","mainEntityOfPage":{"@id":"https:\/\/entresemillas.com\/blog\/8-cosas-que-hacer-con-el-jardin-al-terminar-el-verano\/"},"wordCount":1030,"commentCount":0,"publisher":{"@id":"https:\/\/entresemillas.com\/blog\/#organization"},"image":{"@id":"https:\/\/entresemillas.com\/blog\/8-cosas-que-hacer-con-el-jardin-al-terminar-el-verano\/#primaryimage"},"thumbnailUrl":"https:\/\/entresemillas.com\/blog\/wp-content\/uploads\/2026\/09\/8tareas.jpg","articleSection":["C\u00f3mo cultivar","Jardiner\u00eda"],"inLanguage":"es","potentialAction":[{"@type":"CommentAction","name":"Comment","target":["https:\/\/entresemillas.com\/blog\/8-cosas-que-hacer-con-el-jardin-al-terminar-el-verano\/#respond"]}]},{"@type":"WebPage","@id":"https:\/\/entresemillas.com\/blog\/8-cosas-que-hacer-con-el-jardin-al-terminar-el-verano\/","url":"https:\/\/entresemillas.com\/blog\/8-cosas-que-hacer-con-el-jardin-al-terminar-el-verano\/","name":"8 cosas que hacer con el jard\u00edn al terminar el verano | Blog EntreSemillas","isPartOf":{"@id":"https:\/\/entresemillas.com\/blog\/#website"},"primaryImageOfPage":{"@id":"https:\/\/entresemillas.com\/blog\/8-cosas-que-hacer-con-el-jardin-al-terminar-el-verano\/#primaryimage"},"image":{"@id":"https:\/\/entresemillas.com\/blog\/8-cosas-que-hacer-con-el-jardin-al-terminar-el-verano\/#primaryimage"},"thumbnailUrl":"https:\/\/entresemillas.com\/blog\/wp-content\/uploads\/2026\/09\/8tareas.jpg","datePublished":"2026-09-01T20:04:47+00:00","breadcrumb":{"@id":"https:\/\/entresemillas.com\/blog\/8-cosas-que-hacer-con-el-jardin-al-terminar-el-verano\/#breadcrumb"},"inLanguage":"es","potentialAction":[{"@type":"ReadAction","target":["https:\/\/entresemillas.com\/blog\/8-cosas-que-hacer-con-el-jardin-al-terminar-el-verano\/"]}]},{"@type":"ImageObject","inLanguage":"es","@id":"https:\/\/entresemillas.com\/blog\/8-cosas-que-hacer-con-el-jardin-al-terminar-el-verano\/#primaryimage","url":"https:\/\/entresemillas.com\/blog\/wp-content\/uploads\/2026\/09\/8tareas.jpg","contentUrl":"https:\/\/entresemillas.com\/blog\/wp-content\/uploads\/2026\/09\/8tareas.jpg","width":1000,"height":1000,"caption":"8 cosas que hacer con el jard\u00edn al terminar el verano"},{"@type":"BreadcrumbList","@id":"https:\/\/entresemillas.com\/blog\/8-cosas-que-hacer-con-el-jardin-al-terminar-el-verano\/#breadcrumb","itemListElement":[{"@type":"ListItem","position":1,"name":"Blog","item":"https:\/\/entresemillas.com\/blog\/"},{"@type":"ListItem","position":2,"name":"8 cosas que hacer con el jard\u00edn al terminar el verano"}]},{"@type":"WebSite","@id":"https:\/\/entresemillas.com\/blog\/#website","url":"https:\/\/entresemillas.com\/blog\/","name":"Blog EntreSemillas","description":"Blog de plantas y semillas ex\u00f3ticas, tropicales, raras","publisher":{"@id":"https:\/\/entresemillas.com\/blog\/#organization"},"potentialAction":[{"@type":"SearchAction","target":{"@type":"EntryPoint","urlTemplate":"https:\/\/entresemillas.com\/blog\/?s={search_term_string}"},"query-input":{"@type":"PropertyValueSpecification","valueRequired":true,"valueName":"search_term_string"}}],"inLanguage":"es"},{"@type":"Organization","@id":"https:\/\/entresemillas.com\/blog\/#organization","name":"EntreSemillas","url":"https:\/\/entresemillas.com\/blog\/","logo":{"@type":"ImageObject","inLanguage":"es","@id":"https:\/\/entresemillas.com\/blog\/#\/schema\/logo\/image\/","url":"https:\/\/entresemillas.com\/blog\/wp-content\/uploads\/2026\/06\/logo-entresemillas.png","contentUrl":"https:\/\/entresemillas.com\/blog\/wp-content\/uploads\/2026\/06\/logo-entresemillas.png","width":261,"height":42,"caption":"EntreSemillas"},"image":{"@id":"https:\/\/entresemillas.com\/blog\/#\/schema\/logo\/image\/"},"sameAs":["https:\/\/www.facebook.com\/Entresemillas","https:\/\/www.instagram.com\/entresemillas\/","https:\/\/www.pinterest.es\/entresemillas\/","https:\/\/www.youtube.com\/@EntreSemillas"]},{"@type":"Person","@id":"https:\/\/entresemillas.com\/blog\/#\/schema\/person\/8fac769fe8889e61acd856b2001b46e5","name":"EntreSemillas","image":{"@type":"ImageObject","inLanguage":"es","@id":"https:\/\/secure.gravatar.com\/avatar\/387b356a912eff8497f8386dfbc876b41f0d4b6611ce2ee5c0fd18be9b6db6a4?s=96&d=mm&r=g","url":"https:\/\/secure.gravatar.com\/avatar\/387b356a912eff8497f8386dfbc876b41f0d4b6611ce2ee5c0fd18be9b6db6a4?s=96&d=mm&r=g","contentUrl":"https:\/\/secure.gravatar.com\/avatar\/387b356a912eff8497f8386dfbc876b41f0d4b6611ce2ee5c0fd18be9b6db6a4?s=96&d=mm&r=g","caption":"EntreSemillas"},"url":"https:\/\/entresemillas.com\/blog\/author\/carlos-palomo\/"}]}},"_links":{"self":[{"href":"https:\/\/entresemillas.com\/blog\/wp-json\/wp\/v2\/posts\/4561","targetHints":{"allow":["GET"]}}],"collection":[{"href":"https:\/\/entresemillas.com\/blog\/wp-json\/wp\/v2\/posts"}],"about":[{"href":"https:\/\/entresemillas.com\/blog\/wp-json\/wp\/v2\/types\/post"}],"author":[{"embeddable":true,"href":"https:\/\/entresemillas.com\/blog\/wp-json\/wp\/v2\/users\/1"}],"replies":[{"embeddable":true,"href":"https:\/\/entresemillas.com\/blog\/wp-json\/wp\/v2\/comments?post=4561"}],"version-history":[{"count":1,"href":"https:\/\/entresemillas.com\/blog\/wp-json\/wp\/v2\/posts\/4561\/revisions"}],"predecessor-version":[{"id":4563,"href":"https:\/\/entresemillas.com\/blog\/wp-json\/wp\/v2\/posts\/4561\/revisions\/4563"}],"wp:featuredmedia":[{"embeddable":true,"href":"https:\/\/entresemillas.com\/blog\/wp-json\/wp\/v2\/media\/4562"}],"wp:attachment":[{"href":"https:\/\/entresemillas.com\/blog\/wp-json\/wp\/v2\/media?parent=4561"}],"wp:term":[{"taxonomy":"category","embeddable":true,"href":"https:\/\/entresemillas.com\/blog\/wp-json\/wp\/v2\/categories?post=4561"},{"taxonomy":"post_tag","embeddable":true,"href":"https:\/\/entresemillas.com\/blog\/wp-json\/wp\/v2\/tags?post=4561"}],"curies":[{"name":"wp","href":"https:\/\/api.w.org\/{rel}","templated":true}]}}