{"id":4565,"date":"2026-09-05T13:43:24","date_gmt":"2026-09-05T11:43:24","guid":{"rendered":"https:\/\/entresemillas.com\/blog\/?p=4565"},"modified":"2026-09-05T13:43:25","modified_gmt":"2026-09-05T11:43:25","slug":"como-cultivar-conejitos-o-bocas-de-dragon-antirrhinum-majus-desde-semilla","status":"publish","type":"post","link":"https:\/\/entresemillas.com\/blog\/como-cultivar-conejitos-o-bocas-de-dragon-antirrhinum-majus-desde-semilla\/","title":{"rendered":"C\u00f3mo cultivar conejitos o bocas de drag\u00f3n (Antirrhinum majus) desde semilla"},"content":{"rendered":"\n<p class=\"wp-block-paragraph\">El <strong>Antirrhinum majus<\/strong>, conocido como <strong>conejitos, boca de drag\u00f3n o dragonaria<\/strong>, es una planta ornamental muy apreciada por sus largas espigas cubiertas de flores de colores intensos. En M\u00e1laga y otras zonas del sur de Espa\u00f1a es especialmente habitual llamarlos simplemente <strong>conejitos<\/strong>, un nombre popular que hace referencia a la curiosa forma de sus flores.<\/p>\n\n\n\n<p class=\"wp-block-paragraph\">Al presionar ligeramente una flor por los lados, la corola se abre y se cierra como una peque\u00f1a boca, caracter\u00edstica que explica muchos de los nombres populares que recibe esta planta.<\/p>\n\n\n\n<p class=\"wp-block-paragraph\">Aunque <em>Antirrhinum majus<\/em> es la especie m\u00e1s cultivada, el g\u00e9nero <strong>Antirrhinum<\/strong> comprende numerosas especies, principalmente originarias de la regi\u00f3n mediterr\u00e1nea. Existen variedades de <em>A. majus<\/em> muy diferentes entre s\u00ed, desde conejitos compactos de apenas unos cent\u00edmetros hasta plantas altas cultivadas para flor cortada.<\/p>\n\n\n\n<p class=\"wp-block-paragraph\">Bot\u00e1nicamente es una planta perenne de vida relativamente corta, pero en jardiner\u00eda se cultiva con frecuencia como <strong>anual o bienal<\/strong>. Una de sus particularidades es que prefiere temperaturas moderadas: puede florecer magn\u00edficamente durante primavera y oto\u00f1o y soporta mucho mejor el fresco que muchas de las flores anuales t\u00edpicamente estivales.<\/p>\n\n\n\n<figure class=\"wp-block-image size-large\"><a href=\"https:\/\/entresemillas.com\/blog\/wp-content\/uploads\/2026\/09\/Antirrhinum_majus_macro-semillas.jpg\"><img loading=\"lazy\" decoding=\"async\" width=\"1024\" height=\"768\" src=\"https:\/\/entresemillas.com\/blog\/wp-content\/uploads\/2026\/09\/Antirrhinum_majus_macro-semillas-1024x768.jpg\" alt=\"foto macro de semillas de antirrhinum\" class=\"wp-image-4568\" srcset=\"https:\/\/entresemillas.com\/blog\/wp-content\/uploads\/2026\/09\/Antirrhinum_majus_macro-semillas-1024x768.jpg 1024w, https:\/\/entresemillas.com\/blog\/wp-content\/uploads\/2026\/09\/Antirrhinum_majus_macro-semillas-300x225.jpg 300w, https:\/\/entresemillas.com\/blog\/wp-content\/uploads\/2026\/09\/Antirrhinum_majus_macro-semillas-768x576.jpg 768w, https:\/\/entresemillas.com\/blog\/wp-content\/uploads\/2026\/09\/Antirrhinum_majus_macro-semillas.jpg 1280w\" sizes=\"auto, (max-width: 1024px) 100vw, 1024px\" \/><\/a><figcaption class=\"wp-element-caption\"><em><sup>Foto: Salycina (CC BY-SA 4.0)<\/sup><\/em><\/figcaption><\/figure>\n\n\n\n<h2 class=\"wp-block-heading\">&#x1f331; Siembra de semillas de conejitos<\/h2>\n\n\n\n<p class=\"wp-block-paragraph\">Las semillas de Antirrhinum son extremadamente peque\u00f1as. Por este motivo, uno de los errores m\u00e1s habituales al sembrar conejitos consiste en enterrarlas demasiado. <strong>La luz favorece su germinaci\u00f3n<\/strong>, por lo que deben sembrarse pr\u00e1cticamente sobre la superficie.<\/p>\n\n\n\n<p class=\"wp-block-paragraph\"><strong>1. Preparar el semillero<\/strong><br>Llena una bandeja, peque\u00f1os alv\u00e9olos o macetas con un sustrato para semilleros fino, ligero y bien drenado. Nivela suavemente la superficie y humed\u00e9cela antes de colocar las semillas. Al regar previamente evitamos que unas semillas tan peque\u00f1as sean arrastradas despu\u00e9s.<\/p>\n\n\n\n<p class=\"wp-block-paragraph\"><strong>2. Distribuir las semillas sobre la superficie<\/strong><br>Deposita las semillas directamente sobre el sustrato h\u00famedo. Debido a su reducido tama\u00f1o, resulta m\u00e1s sencillo tomar peque\u00f1as cantidades e intentar distribuirlas sin formar acumulaciones.<\/p>\n\n\n\n<p class=\"wp-block-paragraph\">No es necesario hacer agujeros ni surcos.<\/p>\n\n\n\n<p class=\"wp-block-paragraph\"><strong>3. No enterrarlas<\/strong><br>Presiona muy suavemente las semillas contra la superficie para asegurar el contacto con el sustrato, pero <strong>no las cubras con tierra<\/strong>. Como m\u00e1ximo puede utilizarse una cantidad casi imperceptible de vermiculita muy fina que permita el paso de la luz.<\/p>\n\n\n\n<p class=\"wp-block-paragraph\"><strong>4. Mantener una humedad uniforme<\/strong><br>Durante la germinaci\u00f3n la superficie no debe secarse, algo especialmente importante porque las semillas se encuentran expuestas. Utiliza un pulverizador, riego por capilaridad o un sistema de lluvia muy fina para evitar desplazarlas.<\/p>\n\n\n\n<p class=\"wp-block-paragraph\">Una cubierta transparente puede ayudar a conservar la humedad, siempre que se controle la condensaci\u00f3n y se ventile peri\u00f3dicamente.<\/p>\n\n\n\n<p class=\"wp-block-paragraph\"><strong>5. Dar mucha luz a las nuevas pl\u00e1ntulas<\/strong><br>Cuando comiencen a germinar, mant\u00e9n el semillero en una posici\u00f3n muy luminosa. Las pl\u00e1ntulas son inicialmente diminutas y una iluminaci\u00f3n insuficiente hace que se alarguen r\u00e1pidamente.<\/p>\n\n\n\n<p class=\"wp-block-paragraph\">Cuando hayan desarrollado varias hojas verdaderas y sean suficientemente manejables, pueden separarse cuidadosamente y trasplantarse a recipientes individuales si se sembraron juntas.<\/p>\n\n\n\n<figure class=\"wp-block-image size-large\"><a href=\"https:\/\/entresemillas.com\/blog\/wp-content\/uploads\/2026\/09\/Antirrhinum_majus.jpg\"><img loading=\"lazy\" decoding=\"async\" width=\"1024\" height=\"768\" src=\"https:\/\/entresemillas.com\/blog\/wp-content\/uploads\/2026\/09\/Antirrhinum_majus-1024x768.jpg\" alt=\"brotes de semillas de antirrhinum majus o conejitos\" class=\"wp-image-4566\" srcset=\"https:\/\/entresemillas.com\/blog\/wp-content\/uploads\/2026\/09\/Antirrhinum_majus-1024x768.jpg 1024w, https:\/\/entresemillas.com\/blog\/wp-content\/uploads\/2026\/09\/Antirrhinum_majus-300x225.jpg 300w, https:\/\/entresemillas.com\/blog\/wp-content\/uploads\/2026\/09\/Antirrhinum_majus-768x576.jpg 768w, https:\/\/entresemillas.com\/blog\/wp-content\/uploads\/2026\/09\/Antirrhinum_majus.jpg 1280w\" sizes=\"auto, (max-width: 1024px) 100vw, 1024px\" \/><\/a><figcaption class=\"wp-element-caption\"><em><sup>Foto: Salycina (CC BY-SA 4.0)<\/sup><\/em><\/figcaption><\/figure>\n\n\n\n<h2 class=\"wp-block-heading\">&#x1f321;&#xfe0f; Germinaci\u00f3n<\/h2>\n\n\n\n<p class=\"wp-block-paragraph\">Los conejitos <strong>no necesitan temperaturas muy elevadas para germinar<\/strong>.<\/p>\n\n\n\n<p class=\"wp-block-paragraph\">Un rango aproximado de <strong>18\u201321 \u00b0C<\/strong> resulta adecuado. Con humedad constante y buena iluminaci\u00f3n, las primeras pl\u00e1ntulas suelen aparecer en <strong>7\u201314 d\u00edas<\/strong>, aunque algunas semillas pueden necesitar algo m\u00e1s de tiempo.<\/p>\n\n\n\n<p class=\"wp-block-paragraph\">Temperaturas excesivamente altas pueden perjudicar la germinaci\u00f3n. Por este motivo, no conviene colocar el semillero en un propagador demasiado caliente pensando que acelerar\u00e1 el proceso.<\/p>\n\n\n\n<p class=\"wp-block-paragraph\">La combinaci\u00f3n fundamental es: <strong>semilla en superficie + luz + humedad constante + temperatura moderada<\/strong>.<\/p>\n\n\n\n<h2 class=\"wp-block-heading\">&#x1f5d3;&#xfe0f; Cu\u00e1ndo plantar<\/h2>\n\n\n\n<p class=\"wp-block-paragraph\">El calendario depende bastante del clima porque los conejitos prefieren crecer con temperaturas suaves.<\/p>\n\n\n\n<p class=\"wp-block-paragraph\">La siembra puede comenzar a finales del invierno en semillero protegido para obtener plantas preparadas para florecer durante la primavera. Tambi\u00e9n puede sembrarse durante primavera directamente o en semillero.<\/p>\n\n\n\n<p class=\"wp-block-paragraph\">En regiones de <strong>inviernos suaves<\/strong>, como buena parte del litoral mediterr\u00e1neo y el sur de la pen\u00ednsula, la siembra a finales de verano y durante el oto\u00f1o resulta especialmente interesante. Las plantas pueden desarrollarse durante los meses frescos y producir una floraci\u00f3n temprana y abundante.<\/p>\n\n\n\n<p class=\"wp-block-paragraph\">Las plantas establecidas soportan algunas heladas ligeras, aunque su resistencia depende de la variedad, del estado de desarrollo y de la duraci\u00f3n del fr\u00edo.<\/p>\n\n\n\n<h2 class=\"wp-block-heading\">&#x1f331; Sustrato y suelo<\/h2>\n\n\n\n<p class=\"wp-block-paragraph\">Los conejitos crecen mejor en terrenos <strong>f\u00e9rtiles, sueltos y bien drenados<\/strong>, pero capaces de conservar cierta humedad entre riegos. Los suelos francos enriquecidos con materia org\u00e1nica suelen ofrecer un buen equilibrio.<\/p>\n\n\n\n<p class=\"wp-block-paragraph\">El <strong>pH ideal se encuentra aproximadamente entre 6 y 7<\/strong>, desde ligeramente \u00e1cido hasta neutro, aunque toleran terrenos algo m\u00e1s alcalinos si disponen de los nutrientes necesarios.<\/p>\n\n\n\n<p class=\"wp-block-paragraph\">En suelos muy arcillosos conviene mejorar la estructura antes de plantar, ya que la acumulaci\u00f3n prolongada de agua alrededor de las ra\u00edces puede provocar problemas. Los terrenos excesivamente arenosos pueden enriquecerse con compost maduro para aumentar su capacidad de retenci\u00f3n de agua y nutrientes.<\/p>\n\n\n\n<p class=\"wp-block-paragraph\">En maceta puede utilizarse un sustrato universal de buena calidad combinado con perlita u otro material aireante. El recipiente debe disponer siempre de buenos orificios de drenaje.<\/p>\n\n\n\n<h2 class=\"wp-block-heading\">&#x2600;&#xfe0f; Ubicaci\u00f3n<\/h2>\n\n\n\n<p class=\"wp-block-paragraph\">Los conejitos florecen mejor a <strong>pleno sol<\/strong>, especialmente durante las \u00e9pocas de temperaturas suaves.<\/p>\n\n\n\n<p class=\"wp-block-paragraph\">Una ubicaci\u00f3n con al menos unas <strong>6 horas de sol directo<\/strong> favorece plantas compactas, tallos fuertes y numerosas flores. Tambi\u00e9n pueden crecer en semisombra luminosa, aunque normalmente producir\u00e1n menos flores.<\/p>\n\n\n\n<p class=\"wp-block-paragraph\">En regiones con veranos muy calurosos, algo de protecci\u00f3n durante las horas m\u00e1s intensas de la tarde puede ayudar a prolongar la planta, ya que el calor fuerte suele reducir la floraci\u00f3n.<\/p>\n\n\n\n<p class=\"wp-block-paragraph\">La buena circulaci\u00f3n de aire tambi\u00e9n resulta importante para prevenir enfermedades foliares.<\/p>\n\n\n\n<figure class=\"wp-block-image size-large\"><a href=\"https:\/\/entresemillas.com\/blog\/wp-content\/uploads\/2026\/09\/Antirrhinum_majus_brote-scaled.jpg\"><img loading=\"lazy\" decoding=\"async\" width=\"1024\" height=\"768\" src=\"https:\/\/entresemillas.com\/blog\/wp-content\/uploads\/2026\/09\/Antirrhinum_majus_brote-1024x768.jpg\" alt=\"brote individual de antirrhinum majus\" class=\"wp-image-4567\" srcset=\"https:\/\/entresemillas.com\/blog\/wp-content\/uploads\/2026\/09\/Antirrhinum_majus_brote-1024x768.jpg 1024w, https:\/\/entresemillas.com\/blog\/wp-content\/uploads\/2026\/09\/Antirrhinum_majus_brote-300x225.jpg 300w, https:\/\/entresemillas.com\/blog\/wp-content\/uploads\/2026\/09\/Antirrhinum_majus_brote-768x576.jpg 768w, https:\/\/entresemillas.com\/blog\/wp-content\/uploads\/2026\/09\/Antirrhinum_majus_brote-1536x1152.jpg 1536w, https:\/\/entresemillas.com\/blog\/wp-content\/uploads\/2026\/09\/Antirrhinum_majus_brote-2048x1536.jpg 2048w\" sizes=\"auto, (max-width: 1024px) 100vw, 1024px\" \/><\/a><figcaption class=\"wp-element-caption\"><em><sup>Foto: Salycina (CC BY-SA 4.0)<\/sup><\/em><\/figcaption><\/figure>\n\n\n\n<h2 class=\"wp-block-heading\">&#x1f338; Floraci\u00f3n<\/h2>\n\n\n\n<p class=\"wp-block-paragraph\">Las flores de los conejitos aparecen agrupadas a lo largo de espigas verticales y pueden encontrarse en una enorme variedad de colores: blanco, amarillo, naranja, rosa, rojo, p\u00farpura y numerosas combinaciones intermedias y bicolores.<\/p>\n\n\n\n<p class=\"wp-block-paragraph\">Dependiendo del momento de siembra y del clima, la floraci\u00f3n puede producirse desde primavera hasta oto\u00f1o. En zonas de verano muy c\u00e1lido es frecuente que disminuya durante los meses m\u00e1s calurosos y vuelva a intensificarse cuando regresan temperaturas m\u00e1s suaves.<\/p>\n\n\n\n<p class=\"wp-block-paragraph\">Las flores son visitadas especialmente por <strong>abejorros y otras abejas de tama\u00f1o suficiente para abrir la corola<\/strong>, que acceden al interior de la flor en busca de n\u00e9ctar y transportan el polen entre plantas.<\/p>\n\n\n\n<p class=\"wp-block-paragraph\">No necesitan polinizaci\u00f3n manual para florecer. Si se pretende obtener semillas, la presencia de insectos polinizadores favorece la fecundaci\u00f3n.<\/p>\n\n\n\n<figure class=\"wp-block-image size-large\"><a href=\"https:\/\/entresemillas.com\/blog\/wp-content\/uploads\/2026\/09\/image.png\"><img loading=\"lazy\" decoding=\"async\" width=\"1024\" height=\"716\" src=\"https:\/\/entresemillas.com\/blog\/wp-content\/uploads\/2026\/09\/image-1024x716.png\" alt=\"floracion de antirrhinum majus\" class=\"wp-image-4571\" srcset=\"https:\/\/entresemillas.com\/blog\/wp-content\/uploads\/2026\/09\/image-1024x716.png 1024w, https:\/\/entresemillas.com\/blog\/wp-content\/uploads\/2026\/09\/image-300x210.png 300w, https:\/\/entresemillas.com\/blog\/wp-content\/uploads\/2026\/09\/image-768x537.png 768w, https:\/\/entresemillas.com\/blog\/wp-content\/uploads\/2026\/09\/image.png 1072w\" sizes=\"auto, (max-width: 1024px) 100vw, 1024px\" \/><\/a><\/figure>\n\n\n\n<h2 class=\"wp-block-heading\">&#x2702;&#xfe0f; Mantenimiento y pinzado<\/h2>\n\n\n\n<p class=\"wp-block-paragraph\">Cuando las plantas j\u00f3venes hayan desarrollado varios pares de hojas puede <strong>pinzarse el extremo del tallo principal<\/strong> para estimular la aparici\u00f3n de ramificaciones laterales. Esto permite obtener plantas m\u00e1s densas y un mayor n\u00famero de tallos florales.<\/p>\n\n\n\n<p class=\"wp-block-paragraph\">No es imprescindible en todas las variedades. Los conejitos destinados a producir tallos largos para flor cortada pueden cultivarse de manera diferente seg\u00fan el resultado que se busque.<\/p>\n\n\n\n<p class=\"wp-block-paragraph\">Durante la floraci\u00f3n conviene retirar peri\u00f3dicamente las espigas marchitas. Cortarlas antes de que desarrollen semillas estimula a la planta para continuar produciendo nuevas flores.<\/p>\n\n\n\n<p class=\"wp-block-paragraph\">Las variedades altas pueden necesitar tutores en lugares expuestos al viento.<\/p>\n\n\n\n<h2 class=\"wp-block-heading\">&#x1f4a7; Riego<\/h2>\n\n\n\n<p class=\"wp-block-paragraph\">Los conejitos agradecen una humedad relativamente regular, pero no toleran bien el encharcamiento.<\/p>\n\n\n\n<p class=\"wp-block-paragraph\">Durante las primeras etapas, el sustrato debe mantenerse ligeramente h\u00famedo. Una vez establecidas las plantas, pueden dejarse secar ligeramente los primeros cent\u00edmetros del terreno entre riegos.<\/p>\n\n\n\n<p class=\"wp-block-paragraph\">En verano habr\u00e1 que aumentar la frecuencia si las temperaturas son elevadas, especialmente en maceta.<\/p>\n\n\n\n<p class=\"wp-block-paragraph\">Siempre que sea posible, resulta preferible regar directamente sobre el suelo y evitar mantener continuamente h\u00famedo el follaje.<\/p>\n\n\n\n<h2 class=\"wp-block-heading\">&#x1f33c; Abonado<\/h2>\n\n\n\n<p class=\"wp-block-paragraph\">Antes de plantar puede incorporarse <strong>compost bien maduro<\/strong> para mejorar la estructura del terreno y proporcionar una reserva inicial de nutrientes.<\/p>\n\n\n\n<p class=\"wp-block-paragraph\">Durante la fase de crecimiento, una nutrici\u00f3n equilibrada favorece la formaci\u00f3n de una planta fuerte y suficientemente ramificada.<\/p>\n\n\n\n<p class=\"wp-block-paragraph\">Cuando comienzan a desarrollarse los tallos florales, debe evitarse un exceso de nitr\u00f3geno. Una fertilizaci\u00f3n demasiado rica en este elemento produce mucho follaje y tallos tiernos, pero puede perjudicar la floraci\u00f3n.<\/p>\n\n\n\n<p class=\"wp-block-paragraph\">En plantas cultivadas en maceta pueden realizarse aportes peri\u00f3dicos de fertilizante a dosis moderadas durante la temporada de crecimiento y floraci\u00f3n.<\/p>\n\n\n\n<h2 class=\"wp-block-heading\">&#x1f41b; Plagas y enfermedades habituales<\/h2>\n\n\n\n<p class=\"wp-block-paragraph\">Los conejitos pueden sufrir ataques de <strong>pulgones, trips, ara\u00f1a roja y algunas orugas<\/strong>. Los brotes j\u00f3venes y los botones florales son las zonas que conviene revisar con mayor frecuencia.<\/p>\n\n\n\n<p class=\"wp-block-paragraph\">Entre las enfermedades, una de las m\u00e1s caracter\u00edsticas es la <strong>roya del Antirrhinum<\/strong>, que provoca peque\u00f1as p\u00fastulas marrones o anaranjadas en las hojas. Tambi\u00e9n pueden aparecer o\u00eddio, mildiu y pudriciones de ra\u00edz en condiciones desfavorables.<\/p>\n\n\n\n<p class=\"wp-block-paragraph\">Una buena separaci\u00f3n entre plantas, ventilaci\u00f3n adecuada, eliminaci\u00f3n de restos enfermos y riego dirigido al suelo ayudan considerablemente a reducir estos problemas.<\/p>\n\n\n\n<h2 class=\"wp-block-heading\">&#x1f490; Conejitos como flor de corte<\/h2>\n\n\n\n<p class=\"wp-block-paragraph\">Las variedades altas de <em>Antirrhinum majus<\/em> son excelentes flores de corte gracias a sus largas espigas y a la variedad de colores disponibles.<\/p>\n\n\n\n<figure class=\"wp-block-image size-large\"><a href=\"https:\/\/entresemillas.com\/blog\/wp-content\/uploads\/2026\/09\/Antirrhinum-flor-cortada.jpg\"><img loading=\"lazy\" decoding=\"async\" width=\"768\" height=\"1024\" src=\"https:\/\/entresemillas.com\/blog\/wp-content\/uploads\/2026\/09\/Antirrhinum-flor-cortada-768x1024.jpg\" alt=\"flor cortada de Antirrhinum\" class=\"wp-image-4570\" srcset=\"https:\/\/entresemillas.com\/blog\/wp-content\/uploads\/2026\/09\/Antirrhinum-flor-cortada-768x1024.jpg 768w, https:\/\/entresemillas.com\/blog\/wp-content\/uploads\/2026\/09\/Antirrhinum-flor-cortada-225x300.jpg 225w, https:\/\/entresemillas.com\/blog\/wp-content\/uploads\/2026\/09\/Antirrhinum-flor-cortada-1152x1536.jpg 1152w, https:\/\/entresemillas.com\/blog\/wp-content\/uploads\/2026\/09\/Antirrhinum-flor-cortada.jpg 1280w\" sizes=\"auto, (max-width: 768px) 100vw, 768px\" \/><\/a><\/figure>\n\n\n\n<p class=\"wp-block-paragraph\">Para jarr\u00f3n, las espigas pueden cortarse cuando las primeras flores de la parte inferior se hayan abierto y los botones superiores todav\u00eda permanezcan cerrados. Estos continuar\u00e1n abri\u00e9ndose progresivamente despu\u00e9s del corte.<\/p>\n\n\n\n<p class=\"wp-block-paragraph\">Realiza el corte con herramientas limpias y coloca los tallos r\u00e1pidamente en agua.<\/p>\n\n\n\n<h2 class=\"wp-block-heading\">&#x1f331; Recolecci\u00f3n de semillas<\/h2>\n\n\n\n<div class=\"wp-block-media-text is-stacked-on-mobile\"><figure class=\"wp-block-media-text__media\"><a href=\"https:\/\/entresemillas.com\/blog\/wp-content\/uploads\/2026\/09\/capsulas-antirrino.jpg\"><img loading=\"lazy\" decoding=\"async\" width=\"500\" height=\"667\" src=\"https:\/\/entresemillas.com\/blog\/wp-content\/uploads\/2026\/09\/capsulas-antirrino.jpg\" alt=\"capsulas del fruto de antirrhinum\" class=\"wp-image-4569 size-full\" srcset=\"https:\/\/entresemillas.com\/blog\/wp-content\/uploads\/2026\/09\/capsulas-antirrino.jpg 500w, https:\/\/entresemillas.com\/blog\/wp-content\/uploads\/2026\/09\/capsulas-antirrino-225x300.jpg 225w\" sizes=\"auto, (max-width: 500px) 100vw, 500px\" \/><\/a><\/figure><div class=\"wp-block-media-text__content\">\n<p class=\"wp-block-paragraph\">Si quieres obtener semillas, deja algunas de las \u00faltimas flores de la temporada sin cortar.<\/p>\n\n\n\n<p class=\"wp-block-paragraph\">Tras la fecundaci\u00f3n se desarrollan unas curiosas c\u00e1psulas que, al secarse, adquieren una forma que recuerda a un <strong>peque\u00f1o cr\u00e1neo<\/strong>. Cuando est\u00e9n completamente secas pueden recogerse antes de que liberen las semillas.<\/p>\n\n\n\n<p class=\"wp-block-paragraph\">Abre las c\u00e1psulas sobre un recipiente o papel, ya que las semillas son extremadamente peque\u00f1as. D\u00e9jalas secar completamente antes de guardarlas en un sobre en un lugar fresco, seco y oscuro.<\/p>\n\n\n\n<p class=\"wp-block-paragraph\">Si se cultivan diferentes variedades pr\u00f3ximas entre s\u00ed, las plantas obtenidas de las semillas recolectadas <strong>pueden no conservar exactamente el color, tama\u00f1o o forma floral de la planta madre<\/strong>.<\/p>\n<\/div><\/div>\n\n\n\n<h2 class=\"wp-block-heading\">&#x1f331; D\u00f3nde comprar semillas de conejitos<\/h2>\n\n\n\n<p class=\"wp-block-paragraph\">En EntreSemillas encontrar\u00e1s <a href=\"https:\/\/entresemillas.com\/busqueda?s=antirrhinum\">semillas de <strong>conejitos o bocas de drag\u00f3n (<em>Antirrhinum majus<\/em>)<\/strong><\/a>, con variedades de diferentes alturas y colores para cultivar en macizos, borduras, jardineras y zonas destinadas a flor de corte.<\/p>\n\n\n\n<p class=\"wp-block-paragraph\"><\/p>\n","protected":false},"excerpt":{"rendered":"<p>El Antirrhinum majus, conocido como conejitos, boca de drag\u00f3n o dragonaria, es una planta ornamental muy apreciada por sus largas [&hellip;]<\/p>\n","protected":false},"author":1,"featured_media":4572,"comment_status":"open","ping_status":"closed","sticky":false,"template":"","format":"standard","meta":{"site-sidebar-layout":"default","site-content-layout":"","ast-site-content-layout":"default","site-content-style":"default","site-sidebar-style":"default","ast-global-header-display":"","ast-banner-title-visibility":"","ast-main-header-display":"","ast-hfb-above-header-display":"","ast-hfb-below-header-display":"","ast-hfb-mobile-header-display":"","site-post-title":"","ast-breadcrumbs-content":"","ast-featured-img":"","footer-sml-layout":"","ast-disable-related-posts":"","theme-transparent-header-meta":"","adv-header-id-meta":"","stick-header-meta":"","header-above-stick-meta":"","header-main-stick-meta":"","header-below-stick-meta":"","astra-migrate-meta-layouts":"default","ast-page-background-enabled":"default","ast-page-background-meta":{"desktop":{"background-color":"var(--ast-global-color-5)","background-image":"","background-repeat":"repeat","background-position":"center center","background-size":"auto","background-attachment":"scroll","background-type":"","background-media":"","overlay-type":"","overlay-color":"","overlay-opacity":"","overlay-gradient":""},"tablet":{"background-color":"","background-image":"","background-repeat":"repeat","background-position":"center center","background-size":"auto","background-attachment":"scroll","background-type":"","background-media":"","overlay-type":"","overlay-color":"","overlay-opacity":"","overlay-gradient":""},"mobile":{"background-color":"","background-image":"","background-repeat":"repeat","background-position":"center center","background-size":"auto","background-attachment":"scroll","background-type":"","background-media":"","overlay-type":"","overlay-color":"","overlay-opacity":"","overlay-gradient":""}},"ast-content-background-meta":{"desktop":{"background-color":"var(--ast-global-color-4)","background-image":"","background-repeat":"repeat","background-position":"center center","background-size":"auto","background-attachment":"scroll","background-type":"","background-media":"","overlay-type":"","overlay-color":"","overlay-opacity":"","overlay-gradient":""},"tablet":{"background-color":"var(--ast-global-color-4)","background-image":"","background-repeat":"repeat","background-position":"center center","background-size":"auto","background-attachment":"scroll","background-type":"","background-media":"","overlay-type":"","overlay-color":"","overlay-opacity":"","overlay-gradient":""},"mobile":{"background-color":"var(--ast-global-color-4)","background-image":"","background-repeat":"repeat","background-position":"center center","background-size":"auto","background-attachment":"scroll","background-type":"","background-media":"","overlay-type":"","overlay-color":"","overlay-opacity":"","overlay-gradient":""}},"footnotes":""},"categories":[193],"tags":[],"class_list":["post-4565","post","type-post","status-publish","format-standard","has-post-thumbnail","hentry","category-guias-de-siembra-y-cultivo"],"yoast_head":"<!-- This site is optimized with the Yoast SEO plugin v27.7 - https:\/\/yoast.com\/product\/yoast-seo-wordpress\/ -->\n<title>C\u00f3mo cultivar conejitos o bocas de drag\u00f3n (Antirrhinum majus) desde semilla | Blog EntreSemillas<\/title>\n<meta name=\"robots\" content=\"index, follow, max-snippet:-1, max-image-preview:large, max-video-preview:-1\" \/>\n<link rel=\"canonical\" href=\"https:\/\/entresemillas.com\/blog\/como-cultivar-conejitos-o-bocas-de-dragon-antirrhinum-majus-desde-semilla\/\" \/>\n<meta property=\"og:locale\" content=\"es_ES\" \/>\n<meta property=\"og:type\" content=\"article\" \/>\n<meta property=\"og:title\" content=\"C\u00f3mo cultivar conejitos o bocas de drag\u00f3n (Antirrhinum majus) desde semilla | Blog EntreSemillas\" \/>\n<meta property=\"og:description\" content=\"El Antirrhinum majus, conocido como conejitos, boca de drag\u00f3n o dragonaria, es una planta ornamental muy apreciada por sus largas [&hellip;]\" \/>\n<meta property=\"og:url\" content=\"https:\/\/entresemillas.com\/blog\/como-cultivar-conejitos-o-bocas-de-dragon-antirrhinum-majus-desde-semilla\/\" \/>\n<meta property=\"og:site_name\" content=\"Blog EntreSemillas\" \/>\n<meta property=\"article:publisher\" content=\"https:\/\/www.facebook.com\/Entresemillas\" \/>\n<meta property=\"article:published_time\" content=\"2026-09-05T11:43:24+00:00\" \/>\n<meta property=\"article:modified_time\" content=\"2026-09-05T11:43:25+00:00\" \/>\n<meta property=\"og:image\" content=\"https:\/\/entresemillas.com\/blog\/wp-content\/uploads\/2026\/09\/guia-siembra-semillas-de-antirrihinum.jpg\" \/>\n\t<meta property=\"og:image:width\" content=\"1000\" \/>\n\t<meta property=\"og:image:height\" content=\"1000\" \/>\n\t<meta property=\"og:image:type\" content=\"image\/jpeg\" \/>\n<meta name=\"author\" content=\"EntreSemillas\" \/>\n<meta name=\"twitter:card\" content=\"summary_large_image\" \/>\n<meta name=\"twitter:label1\" content=\"Escrito por\" \/>\n\t<meta name=\"twitter:data1\" content=\"EntreSemillas\" \/>\n\t<meta name=\"twitter:label2\" content=\"Tiempo de lectura\" \/>\n\t<meta name=\"twitter:data2\" content=\"9 minutos\" \/>\n<script type=\"application\/ld+json\" class=\"yoast-schema-graph\">{\"@context\":\"https:\\\/\\\/schema.org\",\"@graph\":[{\"@type\":\"Article\",\"@id\":\"https:\\\/\\\/entresemillas.com\\\/blog\\\/como-cultivar-conejitos-o-bocas-de-dragon-antirrhinum-majus-desde-semilla\\\/#article\",\"isPartOf\":{\"@id\":\"https:\\\/\\\/entresemillas.com\\\/blog\\\/como-cultivar-conejitos-o-bocas-de-dragon-antirrhinum-majus-desde-semilla\\\/\"},\"author\":{\"name\":\"EntreSemillas\",\"@id\":\"https:\\\/\\\/entresemillas.com\\\/blog\\\/#\\\/schema\\\/person\\\/8fac769fe8889e61acd856b2001b46e5\"},\"headline\":\"C\u00f3mo cultivar conejitos o bocas de drag\u00f3n (Antirrhinum majus) desde semilla\",\"datePublished\":\"2026-09-05T11:43:24+00:00\",\"dateModified\":\"2026-09-05T11:43:25+00:00\",\"mainEntityOfPage\":{\"@id\":\"https:\\\/\\\/entresemillas.com\\\/blog\\\/como-cultivar-conejitos-o-bocas-de-dragon-antirrhinum-majus-desde-semilla\\\/\"},\"wordCount\":1757,\"commentCount\":0,\"publisher\":{\"@id\":\"https:\\\/\\\/entresemillas.com\\\/blog\\\/#organization\"},\"image\":{\"@id\":\"https:\\\/\\\/entresemillas.com\\\/blog\\\/como-cultivar-conejitos-o-bocas-de-dragon-antirrhinum-majus-desde-semilla\\\/#primaryimage\"},\"thumbnailUrl\":\"https:\\\/\\\/entresemillas.com\\\/blog\\\/wp-content\\\/uploads\\\/2026\\\/09\\\/guia-siembra-semillas-de-antirrihinum.jpg\",\"articleSection\":[\"Gu\u00edas de siembra y cultivo\"],\"inLanguage\":\"es\",\"potentialAction\":[{\"@type\":\"CommentAction\",\"name\":\"Comment\",\"target\":[\"https:\\\/\\\/entresemillas.com\\\/blog\\\/como-cultivar-conejitos-o-bocas-de-dragon-antirrhinum-majus-desde-semilla\\\/#respond\"]}]},{\"@type\":\"WebPage\",\"@id\":\"https:\\\/\\\/entresemillas.com\\\/blog\\\/como-cultivar-conejitos-o-bocas-de-dragon-antirrhinum-majus-desde-semilla\\\/\",\"url\":\"https:\\\/\\\/entresemillas.com\\\/blog\\\/como-cultivar-conejitos-o-bocas-de-dragon-antirrhinum-majus-desde-semilla\\\/\",\"name\":\"C\u00f3mo cultivar conejitos o bocas de drag\u00f3n (Antirrhinum majus) desde semilla | Blog EntreSemillas\",\"isPartOf\":{\"@id\":\"https:\\\/\\\/entresemillas.com\\\/blog\\\/#website\"},\"primaryImageOfPage\":{\"@id\":\"https:\\\/\\\/entresemillas.com\\\/blog\\\/como-cultivar-conejitos-o-bocas-de-dragon-antirrhinum-majus-desde-semilla\\\/#primaryimage\"},\"image\":{\"@id\":\"https:\\\/\\\/entresemillas.com\\\/blog\\\/como-cultivar-conejitos-o-bocas-de-dragon-antirrhinum-majus-desde-semilla\\\/#primaryimage\"},\"thumbnailUrl\":\"https:\\\/\\\/entresemillas.com\\\/blog\\\/wp-content\\\/uploads\\\/2026\\\/09\\\/guia-siembra-semillas-de-antirrihinum.jpg\",\"datePublished\":\"2026-09-05T11:43:24+00:00\",\"dateModified\":\"2026-09-05T11:43:25+00:00\",\"breadcrumb\":{\"@id\":\"https:\\\/\\\/entresemillas.com\\\/blog\\\/como-cultivar-conejitos-o-bocas-de-dragon-antirrhinum-majus-desde-semilla\\\/#breadcrumb\"},\"inLanguage\":\"es\",\"potentialAction\":[{\"@type\":\"ReadAction\",\"target\":[\"https:\\\/\\\/entresemillas.com\\\/blog\\\/como-cultivar-conejitos-o-bocas-de-dragon-antirrhinum-majus-desde-semilla\\\/\"]}]},{\"@type\":\"ImageObject\",\"inLanguage\":\"es\",\"@id\":\"https:\\\/\\\/entresemillas.com\\\/blog\\\/como-cultivar-conejitos-o-bocas-de-dragon-antirrhinum-majus-desde-semilla\\\/#primaryimage\",\"url\":\"https:\\\/\\\/entresemillas.com\\\/blog\\\/wp-content\\\/uploads\\\/2026\\\/09\\\/guia-siembra-semillas-de-antirrihinum.jpg\",\"contentUrl\":\"https:\\\/\\\/entresemillas.com\\\/blog\\\/wp-content\\\/uploads\\\/2026\\\/09\\\/guia-siembra-semillas-de-antirrihinum.jpg\",\"width\":1000,\"height\":1000,\"caption\":\"siembra de semillas de antirrhinum\"},{\"@type\":\"BreadcrumbList\",\"@id\":\"https:\\\/\\\/entresemillas.com\\\/blog\\\/como-cultivar-conejitos-o-bocas-de-dragon-antirrhinum-majus-desde-semilla\\\/#breadcrumb\",\"itemListElement\":[{\"@type\":\"ListItem\",\"position\":1,\"name\":\"Blog\",\"item\":\"https:\\\/\\\/entresemillas.com\\\/blog\\\/\"},{\"@type\":\"ListItem\",\"position\":2,\"name\":\"C\u00f3mo cultivar conejitos o bocas de drag\u00f3n (Antirrhinum majus) desde semilla\"}]},{\"@type\":\"WebSite\",\"@id\":\"https:\\\/\\\/entresemillas.com\\\/blog\\\/#website\",\"url\":\"https:\\\/\\\/entresemillas.com\\\/blog\\\/\",\"name\":\"Blog EntreSemillas\",\"description\":\"Blog de plantas y semillas ex\u00f3ticas, tropicales, raras\",\"publisher\":{\"@id\":\"https:\\\/\\\/entresemillas.com\\\/blog\\\/#organization\"},\"potentialAction\":[{\"@type\":\"SearchAction\",\"target\":{\"@type\":\"EntryPoint\",\"urlTemplate\":\"https:\\\/\\\/entresemillas.com\\\/blog\\\/?s={search_term_string}\"},\"query-input\":{\"@type\":\"PropertyValueSpecification\",\"valueRequired\":true,\"valueName\":\"search_term_string\"}}],\"inLanguage\":\"es\"},{\"@type\":\"Organization\",\"@id\":\"https:\\\/\\\/entresemillas.com\\\/blog\\\/#organization\",\"name\":\"EntreSemillas\",\"url\":\"https:\\\/\\\/entresemillas.com\\\/blog\\\/\",\"logo\":{\"@type\":\"ImageObject\",\"inLanguage\":\"es\",\"@id\":\"https:\\\/\\\/entresemillas.com\\\/blog\\\/#\\\/schema\\\/logo\\\/image\\\/\",\"url\":\"https:\\\/\\\/entresemillas.com\\\/blog\\\/wp-content\\\/uploads\\\/2026\\\/06\\\/logo-entresemillas.png\",\"contentUrl\":\"https:\\\/\\\/entresemillas.com\\\/blog\\\/wp-content\\\/uploads\\\/2026\\\/06\\\/logo-entresemillas.png\",\"width\":261,\"height\":42,\"caption\":\"EntreSemillas\"},\"image\":{\"@id\":\"https:\\\/\\\/entresemillas.com\\\/blog\\\/#\\\/schema\\\/logo\\\/image\\\/\"},\"sameAs\":[\"https:\\\/\\\/www.facebook.com\\\/Entresemillas\",\"https:\\\/\\\/www.instagram.com\\\/entresemillas\\\/\",\"https:\\\/\\\/www.pinterest.es\\\/entresemillas\\\/\",\"https:\\\/\\\/www.youtube.com\\\/@EntreSemillas\"]},{\"@type\":\"Person\",\"@id\":\"https:\\\/\\\/entresemillas.com\\\/blog\\\/#\\\/schema\\\/person\\\/8fac769fe8889e61acd856b2001b46e5\",\"name\":\"EntreSemillas\",\"image\":{\"@type\":\"ImageObject\",\"inLanguage\":\"es\",\"@id\":\"https:\\\/\\\/secure.gravatar.com\\\/avatar\\\/387b356a912eff8497f8386dfbc876b41f0d4b6611ce2ee5c0fd18be9b6db6a4?s=96&d=mm&r=g\",\"url\":\"https:\\\/\\\/secure.gravatar.com\\\/avatar\\\/387b356a912eff8497f8386dfbc876b41f0d4b6611ce2ee5c0fd18be9b6db6a4?s=96&d=mm&r=g\",\"contentUrl\":\"https:\\\/\\\/secure.gravatar.com\\\/avatar\\\/387b356a912eff8497f8386dfbc876b41f0d4b6611ce2ee5c0fd18be9b6db6a4?s=96&d=mm&r=g\",\"caption\":\"EntreSemillas\"},\"url\":\"https:\\\/\\\/entresemillas.com\\\/blog\\\/author\\\/carlos-palomo\\\/\"}]}<\/script>\n<!-- \/ Yoast SEO plugin. -->","yoast_head_json":{"title":"C\u00f3mo cultivar conejitos o bocas de drag\u00f3n (Antirrhinum majus) desde semilla | Blog EntreSemillas","robots":{"index":"index","follow":"follow","max-snippet":"max-snippet:-1","max-image-preview":"max-image-preview:large","max-video-preview":"max-video-preview:-1"},"canonical":"https:\/\/entresemillas.com\/blog\/como-cultivar-conejitos-o-bocas-de-dragon-antirrhinum-majus-desde-semilla\/","og_locale":"es_ES","og_type":"article","og_title":"C\u00f3mo cultivar conejitos o bocas de drag\u00f3n (Antirrhinum majus) desde semilla | Blog EntreSemillas","og_description":"El Antirrhinum majus, conocido como conejitos, boca de drag\u00f3n o dragonaria, es una planta ornamental muy apreciada por sus largas [&hellip;]","og_url":"https:\/\/entresemillas.com\/blog\/como-cultivar-conejitos-o-bocas-de-dragon-antirrhinum-majus-desde-semilla\/","og_site_name":"Blog EntreSemillas","article_publisher":"https:\/\/www.facebook.com\/Entresemillas","article_published_time":"2026-09-05T11:43:24+00:00","article_modified_time":"2026-09-05T11:43:25+00:00","og_image":[{"width":1000,"height":1000,"url":"https:\/\/entresemillas.com\/blog\/wp-content\/uploads\/2026\/09\/guia-siembra-semillas-de-antirrihinum.jpg","type":"image\/jpeg"}],"author":"EntreSemillas","twitter_card":"summary_large_image","twitter_misc":{"Escrito por":"EntreSemillas","Tiempo de lectura":"9 minutos"},"schema":{"@context":"https:\/\/schema.org","@graph":[{"@type":"Article","@id":"https:\/\/entresemillas.com\/blog\/como-cultivar-conejitos-o-bocas-de-dragon-antirrhinum-majus-desde-semilla\/#article","isPartOf":{"@id":"https:\/\/entresemillas.com\/blog\/como-cultivar-conejitos-o-bocas-de-dragon-antirrhinum-majus-desde-semilla\/"},"author":{"name":"EntreSemillas","@id":"https:\/\/entresemillas.com\/blog\/#\/schema\/person\/8fac769fe8889e61acd856b2001b46e5"},"headline":"C\u00f3mo cultivar conejitos o bocas de drag\u00f3n (Antirrhinum majus) desde semilla","datePublished":"2026-09-05T11:43:24+00:00","dateModified":"2026-09-05T11:43:25+00:00","mainEntityOfPage":{"@id":"https:\/\/entresemillas.com\/blog\/como-cultivar-conejitos-o-bocas-de-dragon-antirrhinum-majus-desde-semilla\/"},"wordCount":1757,"commentCount":0,"publisher":{"@id":"https:\/\/entresemillas.com\/blog\/#organization"},"image":{"@id":"https:\/\/entresemillas.com\/blog\/como-cultivar-conejitos-o-bocas-de-dragon-antirrhinum-majus-desde-semilla\/#primaryimage"},"thumbnailUrl":"https:\/\/entresemillas.com\/blog\/wp-content\/uploads\/2026\/09\/guia-siembra-semillas-de-antirrihinum.jpg","articleSection":["Gu\u00edas de siembra y cultivo"],"inLanguage":"es","potentialAction":[{"@type":"CommentAction","name":"Comment","target":["https:\/\/entresemillas.com\/blog\/como-cultivar-conejitos-o-bocas-de-dragon-antirrhinum-majus-desde-semilla\/#respond"]}]},{"@type":"WebPage","@id":"https:\/\/entresemillas.com\/blog\/como-cultivar-conejitos-o-bocas-de-dragon-antirrhinum-majus-desde-semilla\/","url":"https:\/\/entresemillas.com\/blog\/como-cultivar-conejitos-o-bocas-de-dragon-antirrhinum-majus-desde-semilla\/","name":"C\u00f3mo cultivar conejitos o bocas de drag\u00f3n (Antirrhinum majus) desde semilla | Blog EntreSemillas","isPartOf":{"@id":"https:\/\/entresemillas.com\/blog\/#website"},"primaryImageOfPage":{"@id":"https:\/\/entresemillas.com\/blog\/como-cultivar-conejitos-o-bocas-de-dragon-antirrhinum-majus-desde-semilla\/#primaryimage"},"image":{"@id":"https:\/\/entresemillas.com\/blog\/como-cultivar-conejitos-o-bocas-de-dragon-antirrhinum-majus-desde-semilla\/#primaryimage"},"thumbnailUrl":"https:\/\/entresemillas.com\/blog\/wp-content\/uploads\/2026\/09\/guia-siembra-semillas-de-antirrihinum.jpg","datePublished":"2026-09-05T11:43:24+00:00","dateModified":"2026-09-05T11:43:25+00:00","breadcrumb":{"@id":"https:\/\/entresemillas.com\/blog\/como-cultivar-conejitos-o-bocas-de-dragon-antirrhinum-majus-desde-semilla\/#breadcrumb"},"inLanguage":"es","potentialAction":[{"@type":"ReadAction","target":["https:\/\/entresemillas.com\/blog\/como-cultivar-conejitos-o-bocas-de-dragon-antirrhinum-majus-desde-semilla\/"]}]},{"@type":"ImageObject","inLanguage":"es","@id":"https:\/\/entresemillas.com\/blog\/como-cultivar-conejitos-o-bocas-de-dragon-antirrhinum-majus-desde-semilla\/#primaryimage","url":"https:\/\/entresemillas.com\/blog\/wp-content\/uploads\/2026\/09\/guia-siembra-semillas-de-antirrihinum.jpg","contentUrl":"https:\/\/entresemillas.com\/blog\/wp-content\/uploads\/2026\/09\/guia-siembra-semillas-de-antirrihinum.jpg","width":1000,"height":1000,"caption":"siembra de semillas de antirrhinum"},{"@type":"BreadcrumbList","@id":"https:\/\/entresemillas.com\/blog\/como-cultivar-conejitos-o-bocas-de-dragon-antirrhinum-majus-desde-semilla\/#breadcrumb","itemListElement":[{"@type":"ListItem","position":1,"name":"Blog","item":"https:\/\/entresemillas.com\/blog\/"},{"@type":"ListItem","position":2,"name":"C\u00f3mo cultivar conejitos o bocas de drag\u00f3n (Antirrhinum majus) desde semilla"}]},{"@type":"WebSite","@id":"https:\/\/entresemillas.com\/blog\/#website","url":"https:\/\/entresemillas.com\/blog\/","name":"Blog EntreSemillas","description":"Blog de plantas y semillas ex\u00f3ticas, tropicales, raras","publisher":{"@id":"https:\/\/entresemillas.com\/blog\/#organization"},"potentialAction":[{"@type":"SearchAction","target":{"@type":"EntryPoint","urlTemplate":"https:\/\/entresemillas.com\/blog\/?s={search_term_string}"},"query-input":{"@type":"PropertyValueSpecification","valueRequired":true,"valueName":"search_term_string"}}],"inLanguage":"es"},{"@type":"Organization","@id":"https:\/\/entresemillas.com\/blog\/#organization","name":"EntreSemillas","url":"https:\/\/entresemillas.com\/blog\/","logo":{"@type":"ImageObject","inLanguage":"es","@id":"https:\/\/entresemillas.com\/blog\/#\/schema\/logo\/image\/","url":"https:\/\/entresemillas.com\/blog\/wp-content\/uploads\/2026\/06\/logo-entresemillas.png","contentUrl":"https:\/\/entresemillas.com\/blog\/wp-content\/uploads\/2026\/06\/logo-entresemillas.png","width":261,"height":42,"caption":"EntreSemillas"},"image":{"@id":"https:\/\/entresemillas.com\/blog\/#\/schema\/logo\/image\/"},"sameAs":["https:\/\/www.facebook.com\/Entresemillas","https:\/\/www.instagram.com\/entresemillas\/","https:\/\/www.pinterest.es\/entresemillas\/","https:\/\/www.youtube.com\/@EntreSemillas"]},{"@type":"Person","@id":"https:\/\/entresemillas.com\/blog\/#\/schema\/person\/8fac769fe8889e61acd856b2001b46e5","name":"EntreSemillas","image":{"@type":"ImageObject","inLanguage":"es","@id":"https:\/\/secure.gravatar.com\/avatar\/387b356a912eff8497f8386dfbc876b41f0d4b6611ce2ee5c0fd18be9b6db6a4?s=96&d=mm&r=g","url":"https:\/\/secure.gravatar.com\/avatar\/387b356a912eff8497f8386dfbc876b41f0d4b6611ce2ee5c0fd18be9b6db6a4?s=96&d=mm&r=g","contentUrl":"https:\/\/secure.gravatar.com\/avatar\/387b356a912eff8497f8386dfbc876b41f0d4b6611ce2ee5c0fd18be9b6db6a4?s=96&d=mm&r=g","caption":"EntreSemillas"},"url":"https:\/\/entresemillas.com\/blog\/author\/carlos-palomo\/"}]}},"_links":{"self":[{"href":"https:\/\/entresemillas.com\/blog\/wp-json\/wp\/v2\/posts\/4565","targetHints":{"allow":["GET"]}}],"collection":[{"href":"https:\/\/entresemillas.com\/blog\/wp-json\/wp\/v2\/posts"}],"about":[{"href":"https:\/\/entresemillas.com\/blog\/wp-json\/wp\/v2\/types\/post"}],"author":[{"embeddable":true,"href":"https:\/\/entresemillas.com\/blog\/wp-json\/wp\/v2\/users\/1"}],"replies":[{"embeddable":true,"href":"https:\/\/entresemillas.com\/blog\/wp-json\/wp\/v2\/comments?post=4565"}],"version-history":[{"count":1,"href":"https:\/\/entresemillas.com\/blog\/wp-json\/wp\/v2\/posts\/4565\/revisions"}],"predecessor-version":[{"id":4573,"href":"https:\/\/entresemillas.com\/blog\/wp-json\/wp\/v2\/posts\/4565\/revisions\/4573"}],"wp:featuredmedia":[{"embeddable":true,"href":"https:\/\/entresemillas.com\/blog\/wp-json\/wp\/v2\/media\/4572"}],"wp:attachment":[{"href":"https:\/\/entresemillas.com\/blog\/wp-json\/wp\/v2\/media?parent=4565"}],"wp:term":[{"taxonomy":"category","embeddable":true,"href":"https:\/\/entresemillas.com\/blog\/wp-json\/wp\/v2\/categories?post=4565"},{"taxonomy":"post_tag","embeddable":true,"href":"https:\/\/entresemillas.com\/blog\/wp-json\/wp\/v2\/tags?post=4565"}],"curies":[{"name":"wp","href":"https:\/\/api.w.org\/{rel}","templated":true}]}}