{"id":4574,"date":"2026-09-05T15:04:37","date_gmt":"2026-09-05T13:04:37","guid":{"rendered":"https:\/\/entresemillas.com\/blog\/?p=4574"},"modified":"2026-09-05T16:17:37","modified_gmt":"2026-09-05T14:17:37","slug":"es-el-otono-la-nueva-primavera-para-plantar","status":"publish","type":"post","link":"https:\/\/entresemillas.com\/blog\/es-el-otono-la-nueva-primavera-para-plantar\/","title":{"rendered":"\u00bfEs el oto\u00f1o la nueva primavera para plantar?"},"content":{"rendered":"\n<p class=\"wp-block-paragraph\">Cuando pensamos en llenar el jard\u00edn de nuevas plantas, casi autom\u00e1ticamente pensamos en primavera. Los d\u00edas se alargan, suben las temperaturas y los viveros vuelven a llenarse de color.<\/p>\n\n\n\n<p class=\"wp-block-paragraph\">Pero cada vez se insiste m\u00e1s en una idea que puede parecer contradictoria: <strong>para muchas plantas, el oto\u00f1o puede ser incluso mejor momento para plantar que la primavera<\/strong>.<\/p>\n\n\n\n<p class=\"wp-block-paragraph\">Y en buena parte de Espa\u00f1a, donde el verano puede convertirse en la \u00e9poca m\u00e1s dif\u00edcil del a\u00f1o para una planta reci\u00e9n instalada, tiene bastante sentido.<\/p>\n\n\n\n<blockquote class=\"wp-block-quote is-layout-flow wp-block-quote-is-layout-flow\">\n<p class=\"wp-block-paragraph\"><strong>En oto\u00f1o la parte visible del jard\u00edn se ralentiza, pero bajo tierra muchas ra\u00edces todav\u00eda pueden seguir creciendo.<\/strong><\/p>\n<\/blockquote>\n\n\n\n<h2 class=\"wp-block-heading\">\u00bfPor qu\u00e9 plantamos tanto en primavera?<\/h2>\n\n\n\n<p class=\"wp-block-paragraph\">La primavera tiene algo dif\u00edcil de competir: todo parece decirnos que es hora de plantar.<\/p>\n\n\n\n<p class=\"wp-block-paragraph\">Las temperaturas suben y las plantas comienzan a crecer r\u00e1pidamente. El problema es lo que viene despu\u00e9s.<\/p>\n\n\n\n<p class=\"wp-block-paragraph\">Un \u00e1rbol, arbusto o planta vivaz colocado en el jard\u00edn en abril o mayo puede disponer solamente de unas semanas para desarrollar nuevas ra\u00edces antes de encontrarse con <strong>temperaturas elevadas, mayor evaporaci\u00f3n y necesidad de riegos frecuentes<\/strong>.<\/p>\n\n\n\n<p class=\"wp-block-paragraph\">En climas de veranos suaves esto puede no ser especialmente problem\u00e1tico. En buena parte de la pen\u00ednsula ib\u00e9rica, la historia es diferente.<\/p>\n\n\n\n<h2 class=\"wp-block-heading\">En oto\u00f1o ocurre casi lo contrario<\/h2>\n\n\n\n<figure class=\"wp-block-image size-large\"><a href=\"https:\/\/entresemillas.com\/blog\/wp-content\/uploads\/2026\/09\/infografia-plantar-en-otono.png\"><img loading=\"lazy\" decoding=\"async\" width=\"1024\" height=\"1024\" src=\"https:\/\/entresemillas.com\/blog\/wp-content\/uploads\/2026\/09\/infografia-plantar-en-otono-1024x1024.png\" alt=\"infografia sobre plantar en oto\u00f1o\" class=\"wp-image-4578\" srcset=\"https:\/\/entresemillas.com\/blog\/wp-content\/uploads\/2026\/09\/infografia-plantar-en-otono-1024x1024.png 1024w, https:\/\/entresemillas.com\/blog\/wp-content\/uploads\/2026\/09\/infografia-plantar-en-otono-300x300.png 300w, https:\/\/entresemillas.com\/blog\/wp-content\/uploads\/2026\/09\/infografia-plantar-en-otono-150x150.png 150w, https:\/\/entresemillas.com\/blog\/wp-content\/uploads\/2026\/09\/infografia-plantar-en-otono-768x768.png 768w, https:\/\/entresemillas.com\/blog\/wp-content\/uploads\/2026\/09\/infografia-plantar-en-otono.png 1254w\" sizes=\"auto, (max-width: 1024px) 100vw, 1024px\" \/><\/a><\/figure>\n\n\n\n<p class=\"wp-block-paragraph\">Cuando termina el verano, el aire empieza a refrescarse, pero <strong>el suelo conserva durante bastante tiempo el calor acumulado durante los meses anteriores<\/strong>.<\/p>\n\n\n\n<p class=\"wp-block-paragraph\">Eso crea una situaci\u00f3n muy interesante.<\/p>\n\n\n\n<p class=\"wp-block-paragraph\">La planta pierde menos agua que durante el verano y su parte a\u00e9rea puede ralentizar progresivamente el crecimiento, mientras las ra\u00edces todav\u00eda encuentran unas temperaturas adecuadas para desarrollarse.<\/p>\n\n\n\n<p class=\"wp-block-paragraph\">Adem\u00e1s, con la llegada de las lluvias oto\u00f1ales disminuye normalmente nuestra dependencia del riego.<\/p>\n\n\n\n<p class=\"wp-block-paragraph\">En lugar de pedirle a la planta que crezca r\u00e1pidamente, <strong>le estamos dando tiempo para instalarse<\/strong>.<\/p>\n\n\n\n<h2 class=\"wp-block-heading\">Lo importante est\u00e1 ocurriendo bajo tierra<\/h2>\n\n\n\n<p class=\"wp-block-paragraph\">Una planta puede parecer bastante tranquila durante el oto\u00f1o y, sin embargo, estar haciendo algo fundamental: desarrollar su sistema radicular.<\/p>\n\n\n\n<p class=\"wp-block-paragraph\">Mientras las condiciones del suelo sean adecuadas, muchas especies pueden continuar produciendo ra\u00edces aunque su crecimiento exterior sea mucho m\u00e1s discreto.<\/p>\n\n\n\n<p class=\"wp-block-paragraph\">Y ah\u00ed est\u00e1 una de las grandes ventajas de plantar en esta \u00e9poca.<\/p>\n\n\n\n<p class=\"wp-block-paragraph\">Una planta introducida en octubre puede llegar a la primavera siguiente <strong>con varios meses de ventaja bajo tierra<\/strong>.<\/p>\n\n\n\n<p class=\"wp-block-paragraph\">Cuando vuelvan el calor y los d\u00edas largos, no empezar\u00e1 desde cero.<\/p>\n\n\n\n<h2 class=\"wp-block-heading\">La verdadera prueba llegar\u00e1 en verano<\/h2>\n\n\n\n<p class=\"wp-block-paragraph\">Probablemente esta sea la raz\u00f3n m\u00e1s interesante para replantearnos el calendario.<\/p>\n\n\n\n<p class=\"wp-block-paragraph\">Imaginemos dos arbustos iguales.<\/p>\n\n\n\n<p class=\"wp-block-paragraph\">Uno se planta en oto\u00f1o y el otro en primavera.<\/p>\n\n\n\n<p class=\"wp-block-paragraph\">Cuando llegue julio, el primero habr\u00e1 tenido oto\u00f1o, parte del invierno y primavera para establecer su sistema radicular. El segundo quiz\u00e1 lleve solamente unos meses en el terreno.<\/p>\n\n\n\n<p class=\"wp-block-paragraph\">En lugares con veranos calurosos y secos, esa diferencia puede ser enorme.<\/p>\n\n\n\n<p class=\"wp-block-paragraph\"><strong>Cuanto mejor establecido est\u00e9 el sistema radicular antes del verano, menos vulnerable ser\u00e1 la planta a los periodos de calor y falta de agua.<\/strong><\/p>\n\n\n\n<p class=\"wp-block-paragraph\">Esto no significa que podamos olvidarnos del riego durante su primer a\u00f1o, pero s\u00ed podemos darle una considerable ventaja inicial.<\/p>\n\n\n\n<h2 class=\"wp-block-heading\">\u00bfQu\u00e9 plantas se benefician especialmente?<\/h2>\n\n\n\n<p class=\"wp-block-paragraph\">El oto\u00f1o resulta especialmente interesante para muchas plantas que permanecer\u00e1n varios a\u00f1os en el mismo lugar.<\/p>\n\n\n\n<p class=\"wp-block-paragraph\">Por ejemplo:<\/p>\n\n\n\n<ul class=\"wp-block-list\">\n<li>\u00e1rboles<\/li>\n\n\n\n<li>arbustos<\/li>\n\n\n\n<li>rosales<\/li>\n\n\n\n<li>plantas vivaces<\/li>\n\n\n\n<li>arom\u00e1ticas perennes<\/li>\n\n\n\n<li>trepadoras<\/li>\n\n\n\n<li>numerosos frutales<\/li>\n\n\n\n<li>bulbos de floraci\u00f3n primaveral<\/li>\n<\/ul>\n\n\n\n<p class=\"wp-block-paragraph\">Tambi\u00e9n es una excelente \u00e9poca para muchas siembras, aunque aqu\u00ed entran en juego otros factores: cada especie tiene unas temperaturas determinadas para germinar y algunas necesitan pasar el invierno antes de hacerlo.<\/p>\n\n\n\n<p class=\"wp-block-paragraph\">Por eso <strong>plantar y sembrar en oto\u00f1o no significa simplemente trasladar todo lo que har\u00edamos en primavera a septiembre u octubre<\/strong>.<\/p>\n\n\n\n<figure class=\"wp-block-image size-large\"><a href=\"https:\/\/entresemillas.com\/blog\/wp-content\/uploads\/2026\/09\/image-1.png\"><img loading=\"lazy\" decoding=\"async\" width=\"1024\" height=\"576\" src=\"https:\/\/entresemillas.com\/blog\/wp-content\/uploads\/2026\/09\/image-1-1024x576.png\" alt=\"brotes con raices creciendo\" class=\"wp-image-4580\" srcset=\"https:\/\/entresemillas.com\/blog\/wp-content\/uploads\/2026\/09\/image-1-1024x576.png 1024w, https:\/\/entresemillas.com\/blog\/wp-content\/uploads\/2026\/09\/image-1-300x169.png 300w, https:\/\/entresemillas.com\/blog\/wp-content\/uploads\/2026\/09\/image-1-768x432.png 768w, https:\/\/entresemillas.com\/blog\/wp-content\/uploads\/2026\/09\/image-1-1536x864.png 1536w, https:\/\/entresemillas.com\/blog\/wp-content\/uploads\/2026\/09\/image-1.png 1672w\" sizes=\"auto, (max-width: 1024px) 100vw, 1024px\" \/><\/a><\/figure>\n\n\n\n<h2 class=\"wp-block-heading\">Pero oto\u00f1o tampoco es siempre la respuesta<\/h2>\n\n\n\n<p class=\"wp-block-paragraph\">No existe una estaci\u00f3n perfecta para todas las plantas.<\/p>\n\n\n\n<p class=\"wp-block-paragraph\">Las especies sensibles al fr\u00edo pueden tener dificultades si las plantamos poco antes de las primeras heladas. Una planta tropical o subtropical reci\u00e9n trasplantada, por ejemplo, puede beneficiarse mucho m\u00e1s de disponer de toda la primavera para establecerse antes del invierno.<\/p>\n\n\n\n<p class=\"wp-block-paragraph\">Tambi\u00e9n importa much\u00edsimo d\u00f3nde vivimos.<\/p>\n\n\n\n<p class=\"wp-block-paragraph\">En una zona mediterr\u00e1nea de inviernos suaves, el oto\u00f1o puede ofrecer un periodo de establecimiento extraordinariamente largo. En una zona de monta\u00f1a donde las heladas llegan pronto, la ventana disponible ser\u00e1 mucho menor.<\/p>\n\n\n\n<p class=\"wp-block-paragraph\">Y tampoco conviene plantar en un suelo completamente encharcado o trabajar una tierra excesivamente h\u00fameda simplemente porque el calendario diga que estamos en la \u00e9poca adecuada.<\/p>\n\n\n\n<h2 class=\"wp-block-heading\">No es lo mismo M\u00e1laga que Burgos<\/h2>\n\n\n\n<p class=\"wp-block-paragraph\">Los calendarios de jardiner\u00eda suelen cometer un peque\u00f1o pecado: <strong>poner una fecha a algo que en realidad depende del clima<\/strong>.<\/p>\n\n\n\n<p class=\"wp-block-paragraph\">\u00abPlantar en octubre\u00bb puede significar cosas completamente diferentes seg\u00fan el lugar.<\/p>\n\n\n\n<p class=\"wp-block-paragraph\">En las regiones mediterr\u00e1neas, el descenso de las temperaturas y el regreso de las lluvias pueden marcar el comienzo de una larga temporada de crecimiento para numerosas especies.<\/p>\n\n\n\n<p class=\"wp-block-paragraph\">En regiones fr\u00edas, en cambio, interesa plantar con suficiente antelaci\u00f3n para que las ra\u00edces comiencen a establecerse antes de que el suelo se enfr\u00ede demasiado.<\/p>\n\n\n\n<p class=\"wp-block-paragraph\">Por eso es mejor observar <strong>temperaturas, lluvias y previsi\u00f3n de heladas<\/strong> que limitarse a mirar el mes en el calendario.<\/p>\n\n\n\n<h2 class=\"wp-block-heading\">Entonces, \u00bfla primavera ha dejado de ser la mejor \u00e9poca?<\/h2>\n\n\n\n<p class=\"wp-block-paragraph\">No exactamente.<\/p>\n\n\n\n<p class=\"wp-block-paragraph\">La primavera seguir\u00e1 siendo fant\u00e1stica para multitud de cultivos y plantas, especialmente para aquellas sensibles al fr\u00edo. Lo que quiz\u00e1 deber\u00edamos abandonar es la idea de que <strong>todo debe plantarse en primavera<\/strong>.<\/p>\n\n\n\n<p class=\"wp-block-paragraph\">Para \u00e1rboles, arbustos y muchas plantas perennes, el oto\u00f1o ofrece algo que la primavera no siempre puede proporcionar: tiempo.<\/p>\n\n\n\n<p class=\"wp-block-paragraph\">Tiempo para producir ra\u00edces, adaptarse al nuevo suelo y llegar mejor preparadas al momento m\u00e1s exigente del a\u00f1o.<\/p>\n\n\n\n<p class=\"wp-block-paragraph\">Y con veranos cada vez m\u00e1s dif\u00edciles para nuestros jardines, esa ventaja resulta especialmente interesante.<\/p>\n\n\n\n<p class=\"wp-block-paragraph\">As\u00ed que cuando las temperaturas empiecen a bajar y parezca que la temporada de jardiner\u00eda est\u00e1 terminando, quiz\u00e1 est\u00e9 ocurriendo justo lo contrario.<\/p>\n\n\n\n<p class=\"wp-block-paragraph\"><strong>Para muchas plantas, una de las mejores \u00e9pocas para empezar acaba de comenzar.<\/strong><\/p>\n\n\n\n<p class=\"wp-block-paragraph\"><\/p>\n","protected":false},"excerpt":{"rendered":"<p>Cuando pensamos en llenar el jard\u00edn de nuevas plantas, casi autom\u00e1ticamente pensamos en primavera. Los d\u00edas se alargan, suben las [&hellip;]<\/p>\n","protected":false},"author":1,"featured_media":4575,"comment_status":"open","ping_status":"closed","sticky":false,"template":"","format":"standard","meta":{"site-sidebar-layout":"default","site-content-layout":"","ast-site-content-layout":"default","site-content-style":"default","site-sidebar-style":"default","ast-global-header-display":"","ast-banner-title-visibility":"","ast-main-header-display":"","ast-hfb-above-header-display":"","ast-hfb-below-header-display":"","ast-hfb-mobile-header-display":"","site-post-title":"","ast-breadcrumbs-content":"","ast-featured-img":"","footer-sml-layout":"","ast-disable-related-posts":"","theme-transparent-header-meta":"","adv-header-id-meta":"","stick-header-meta":"","header-above-stick-meta":"","header-main-stick-meta":"","header-below-stick-meta":"","astra-migrate-meta-layouts":"default","ast-page-background-enabled":"default","ast-page-background-meta":{"desktop":{"background-color":"var(--ast-global-color-5)","background-image":"","background-repeat":"repeat","background-position":"center center","background-size":"auto","background-attachment":"scroll","background-type":"","background-media":"","overlay-type":"","overlay-color":"","overlay-opacity":"","overlay-gradient":""},"tablet":{"background-color":"","background-image":"","background-repeat":"repeat","background-position":"center center","background-size":"auto","background-attachment":"scroll","background-type":"","background-media":"","overlay-type":"","overlay-color":"","overlay-opacity":"","overlay-gradient":""},"mobile":{"background-color":"","background-image":"","background-repeat":"repeat","background-position":"center center","background-size":"auto","background-attachment":"scroll","background-type":"","background-media":"","overlay-type":"","overlay-color":"","overlay-opacity":"","overlay-gradient":""}},"ast-content-background-meta":{"desktop":{"background-color":"var(--ast-global-color-4)","background-image":"","background-repeat":"repeat","background-position":"center center","background-size":"auto","background-attachment":"scroll","background-type":"","background-media":"","overlay-type":"","overlay-color":"","overlay-opacity":"","overlay-gradient":""},"tablet":{"background-color":"var(--ast-global-color-4)","background-image":"","background-repeat":"repeat","background-position":"center center","background-size":"auto","background-attachment":"scroll","background-type":"","background-media":"","overlay-type":"","overlay-color":"","overlay-opacity":"","overlay-gradient":""},"mobile":{"background-color":"var(--ast-global-color-4)","background-image":"","background-repeat":"repeat","background-position":"center center","background-size":"auto","background-attachment":"scroll","background-type":"","background-media":"","overlay-type":"","overlay-color":"","overlay-opacity":"","overlay-gradient":""}},"footnotes":""},"categories":[3,21,20],"tags":[],"class_list":["post-4574","post","type-post","status-publish","format-standard","has-post-thumbnail","hentry","category-como-cultivar","category-curiosidades","category-jardineria"],"yoast_head":"<!-- This site is optimized with the Yoast SEO plugin v27.7 - https:\/\/yoast.com\/product\/yoast-seo-wordpress\/ -->\n<title>\u00bfEs el oto\u00f1o la nueva primavera para plantar? | Blog EntreSemillas<\/title>\n<meta name=\"robots\" content=\"index, follow, max-snippet:-1, max-image-preview:large, max-video-preview:-1\" \/>\n<link rel=\"canonical\" href=\"https:\/\/entresemillas.com\/blog\/es-el-otono-la-nueva-primavera-para-plantar\/\" \/>\n<meta property=\"og:locale\" content=\"es_ES\" \/>\n<meta property=\"og:type\" content=\"article\" \/>\n<meta property=\"og:title\" content=\"\u00bfEs el oto\u00f1o la nueva primavera para plantar? | Blog EntreSemillas\" \/>\n<meta property=\"og:description\" content=\"Cuando pensamos en llenar el jard\u00edn de nuevas plantas, casi autom\u00e1ticamente pensamos en primavera. Los d\u00edas se alargan, suben las [&hellip;]\" \/>\n<meta property=\"og:url\" content=\"https:\/\/entresemillas.com\/blog\/es-el-otono-la-nueva-primavera-para-plantar\/\" \/>\n<meta property=\"og:site_name\" content=\"Blog EntreSemillas\" \/>\n<meta property=\"article:publisher\" content=\"https:\/\/www.facebook.com\/Entresemillas\" \/>\n<meta property=\"article:published_time\" content=\"2026-09-05T13:04:37+00:00\" \/>\n<meta property=\"article:modified_time\" content=\"2026-09-05T14:17:37+00:00\" \/>\n<meta property=\"og:image\" content=\"https:\/\/entresemillas.com\/blog\/wp-content\/uploads\/2026\/09\/otono-es-la-nueva-primavera-para-plantar.jpg\" \/>\n\t<meta property=\"og:image:width\" content=\"1000\" \/>\n\t<meta property=\"og:image:height\" content=\"1000\" \/>\n\t<meta property=\"og:image:type\" content=\"image\/jpeg\" \/>\n<meta name=\"author\" content=\"EntreSemillas\" \/>\n<meta name=\"twitter:card\" content=\"summary_large_image\" \/>\n<meta name=\"twitter:label1\" content=\"Escrito por\" \/>\n\t<meta name=\"twitter:data1\" content=\"EntreSemillas\" \/>\n\t<meta name=\"twitter:label2\" content=\"Tiempo de lectura\" \/>\n\t<meta name=\"twitter:data2\" content=\"5 minutos\" \/>\n<script type=\"application\/ld+json\" class=\"yoast-schema-graph\">{\"@context\":\"https:\\\/\\\/schema.org\",\"@graph\":[{\"@type\":\"Article\",\"@id\":\"https:\\\/\\\/entresemillas.com\\\/blog\\\/es-el-otono-la-nueva-primavera-para-plantar\\\/#article\",\"isPartOf\":{\"@id\":\"https:\\\/\\\/entresemillas.com\\\/blog\\\/es-el-otono-la-nueva-primavera-para-plantar\\\/\"},\"author\":{\"name\":\"EntreSemillas\",\"@id\":\"https:\\\/\\\/entresemillas.com\\\/blog\\\/#\\\/schema\\\/person\\\/8fac769fe8889e61acd856b2001b46e5\"},\"headline\":\"\u00bfEs el oto\u00f1o la nueva primavera para plantar?\",\"datePublished\":\"2026-09-05T13:04:37+00:00\",\"dateModified\":\"2026-09-05T14:17:37+00:00\",\"mainEntityOfPage\":{\"@id\":\"https:\\\/\\\/entresemillas.com\\\/blog\\\/es-el-otono-la-nueva-primavera-para-plantar\\\/\"},\"wordCount\":1039,\"commentCount\":0,\"publisher\":{\"@id\":\"https:\\\/\\\/entresemillas.com\\\/blog\\\/#organization\"},\"image\":{\"@id\":\"https:\\\/\\\/entresemillas.com\\\/blog\\\/es-el-otono-la-nueva-primavera-para-plantar\\\/#primaryimage\"},\"thumbnailUrl\":\"https:\\\/\\\/entresemillas.com\\\/blog\\\/wp-content\\\/uploads\\\/2026\\\/09\\\/otono-es-la-nueva-primavera-para-plantar.jpg\",\"articleSection\":[\"C\u00f3mo cultivar\",\"Curiosidades\",\"Jardiner\u00eda\"],\"inLanguage\":\"es\",\"potentialAction\":[{\"@type\":\"CommentAction\",\"name\":\"Comment\",\"target\":[\"https:\\\/\\\/entresemillas.com\\\/blog\\\/es-el-otono-la-nueva-primavera-para-plantar\\\/#respond\"]}]},{\"@type\":\"WebPage\",\"@id\":\"https:\\\/\\\/entresemillas.com\\\/blog\\\/es-el-otono-la-nueva-primavera-para-plantar\\\/\",\"url\":\"https:\\\/\\\/entresemillas.com\\\/blog\\\/es-el-otono-la-nueva-primavera-para-plantar\\\/\",\"name\":\"\u00bfEs el oto\u00f1o la nueva primavera para plantar? | Blog EntreSemillas\",\"isPartOf\":{\"@id\":\"https:\\\/\\\/entresemillas.com\\\/blog\\\/#website\"},\"primaryImageOfPage\":{\"@id\":\"https:\\\/\\\/entresemillas.com\\\/blog\\\/es-el-otono-la-nueva-primavera-para-plantar\\\/#primaryimage\"},\"image\":{\"@id\":\"https:\\\/\\\/entresemillas.com\\\/blog\\\/es-el-otono-la-nueva-primavera-para-plantar\\\/#primaryimage\"},\"thumbnailUrl\":\"https:\\\/\\\/entresemillas.com\\\/blog\\\/wp-content\\\/uploads\\\/2026\\\/09\\\/otono-es-la-nueva-primavera-para-plantar.jpg\",\"datePublished\":\"2026-09-05T13:04:37+00:00\",\"dateModified\":\"2026-09-05T14:17:37+00:00\",\"breadcrumb\":{\"@id\":\"https:\\\/\\\/entresemillas.com\\\/blog\\\/es-el-otono-la-nueva-primavera-para-plantar\\\/#breadcrumb\"},\"inLanguage\":\"es\",\"potentialAction\":[{\"@type\":\"ReadAction\",\"target\":[\"https:\\\/\\\/entresemillas.com\\\/blog\\\/es-el-otono-la-nueva-primavera-para-plantar\\\/\"]}]},{\"@type\":\"ImageObject\",\"inLanguage\":\"es\",\"@id\":\"https:\\\/\\\/entresemillas.com\\\/blog\\\/es-el-otono-la-nueva-primavera-para-plantar\\\/#primaryimage\",\"url\":\"https:\\\/\\\/entresemillas.com\\\/blog\\\/wp-content\\\/uploads\\\/2026\\\/09\\\/otono-es-la-nueva-primavera-para-plantar.jpg\",\"contentUrl\":\"https:\\\/\\\/entresemillas.com\\\/blog\\\/wp-content\\\/uploads\\\/2026\\\/09\\\/otono-es-la-nueva-primavera-para-plantar.jpg\",\"width\":1000,\"height\":1000,\"caption\":\"oto\u00f1o es la nueva primavera para plantar\"},{\"@type\":\"BreadcrumbList\",\"@id\":\"https:\\\/\\\/entresemillas.com\\\/blog\\\/es-el-otono-la-nueva-primavera-para-plantar\\\/#breadcrumb\",\"itemListElement\":[{\"@type\":\"ListItem\",\"position\":1,\"name\":\"Blog\",\"item\":\"https:\\\/\\\/entresemillas.com\\\/blog\\\/\"},{\"@type\":\"ListItem\",\"position\":2,\"name\":\"\u00bfEs el oto\u00f1o la nueva primavera para plantar?\"}]},{\"@type\":\"WebSite\",\"@id\":\"https:\\\/\\\/entresemillas.com\\\/blog\\\/#website\",\"url\":\"https:\\\/\\\/entresemillas.com\\\/blog\\\/\",\"name\":\"Blog EntreSemillas\",\"description\":\"Blog de plantas y semillas ex\u00f3ticas, tropicales, raras\",\"publisher\":{\"@id\":\"https:\\\/\\\/entresemillas.com\\\/blog\\\/#organization\"},\"potentialAction\":[{\"@type\":\"SearchAction\",\"target\":{\"@type\":\"EntryPoint\",\"urlTemplate\":\"https:\\\/\\\/entresemillas.com\\\/blog\\\/?s={search_term_string}\"},\"query-input\":{\"@type\":\"PropertyValueSpecification\",\"valueRequired\":true,\"valueName\":\"search_term_string\"}}],\"inLanguage\":\"es\"},{\"@type\":\"Organization\",\"@id\":\"https:\\\/\\\/entresemillas.com\\\/blog\\\/#organization\",\"name\":\"EntreSemillas\",\"url\":\"https:\\\/\\\/entresemillas.com\\\/blog\\\/\",\"logo\":{\"@type\":\"ImageObject\",\"inLanguage\":\"es\",\"@id\":\"https:\\\/\\\/entresemillas.com\\\/blog\\\/#\\\/schema\\\/logo\\\/image\\\/\",\"url\":\"https:\\\/\\\/entresemillas.com\\\/blog\\\/wp-content\\\/uploads\\\/2026\\\/06\\\/logo-entresemillas.png\",\"contentUrl\":\"https:\\\/\\\/entresemillas.com\\\/blog\\\/wp-content\\\/uploads\\\/2026\\\/06\\\/logo-entresemillas.png\",\"width\":261,\"height\":42,\"caption\":\"EntreSemillas\"},\"image\":{\"@id\":\"https:\\\/\\\/entresemillas.com\\\/blog\\\/#\\\/schema\\\/logo\\\/image\\\/\"},\"sameAs\":[\"https:\\\/\\\/www.facebook.com\\\/Entresemillas\",\"https:\\\/\\\/www.instagram.com\\\/entresemillas\\\/\",\"https:\\\/\\\/www.pinterest.es\\\/entresemillas\\\/\",\"https:\\\/\\\/www.youtube.com\\\/@EntreSemillas\"]},{\"@type\":\"Person\",\"@id\":\"https:\\\/\\\/entresemillas.com\\\/blog\\\/#\\\/schema\\\/person\\\/8fac769fe8889e61acd856b2001b46e5\",\"name\":\"EntreSemillas\",\"image\":{\"@type\":\"ImageObject\",\"inLanguage\":\"es\",\"@id\":\"https:\\\/\\\/secure.gravatar.com\\\/avatar\\\/387b356a912eff8497f8386dfbc876b41f0d4b6611ce2ee5c0fd18be9b6db6a4?s=96&d=mm&r=g\",\"url\":\"https:\\\/\\\/secure.gravatar.com\\\/avatar\\\/387b356a912eff8497f8386dfbc876b41f0d4b6611ce2ee5c0fd18be9b6db6a4?s=96&d=mm&r=g\",\"contentUrl\":\"https:\\\/\\\/secure.gravatar.com\\\/avatar\\\/387b356a912eff8497f8386dfbc876b41f0d4b6611ce2ee5c0fd18be9b6db6a4?s=96&d=mm&r=g\",\"caption\":\"EntreSemillas\"},\"url\":\"https:\\\/\\\/entresemillas.com\\\/blog\\\/author\\\/carlos-palomo\\\/\"}]}<\/script>\n<!-- \/ Yoast SEO plugin. -->","yoast_head_json":{"title":"\u00bfEs el oto\u00f1o la nueva primavera para plantar? | Blog EntreSemillas","robots":{"index":"index","follow":"follow","max-snippet":"max-snippet:-1","max-image-preview":"max-image-preview:large","max-video-preview":"max-video-preview:-1"},"canonical":"https:\/\/entresemillas.com\/blog\/es-el-otono-la-nueva-primavera-para-plantar\/","og_locale":"es_ES","og_type":"article","og_title":"\u00bfEs el oto\u00f1o la nueva primavera para plantar? | Blog EntreSemillas","og_description":"Cuando pensamos en llenar el jard\u00edn de nuevas plantas, casi autom\u00e1ticamente pensamos en primavera. Los d\u00edas se alargan, suben las [&hellip;]","og_url":"https:\/\/entresemillas.com\/blog\/es-el-otono-la-nueva-primavera-para-plantar\/","og_site_name":"Blog EntreSemillas","article_publisher":"https:\/\/www.facebook.com\/Entresemillas","article_published_time":"2026-09-05T13:04:37+00:00","article_modified_time":"2026-09-05T14:17:37+00:00","og_image":[{"width":1000,"height":1000,"url":"https:\/\/entresemillas.com\/blog\/wp-content\/uploads\/2026\/09\/otono-es-la-nueva-primavera-para-plantar.jpg","type":"image\/jpeg"}],"author":"EntreSemillas","twitter_card":"summary_large_image","twitter_misc":{"Escrito por":"EntreSemillas","Tiempo de lectura":"5 minutos"},"schema":{"@context":"https:\/\/schema.org","@graph":[{"@type":"Article","@id":"https:\/\/entresemillas.com\/blog\/es-el-otono-la-nueva-primavera-para-plantar\/#article","isPartOf":{"@id":"https:\/\/entresemillas.com\/blog\/es-el-otono-la-nueva-primavera-para-plantar\/"},"author":{"name":"EntreSemillas","@id":"https:\/\/entresemillas.com\/blog\/#\/schema\/person\/8fac769fe8889e61acd856b2001b46e5"},"headline":"\u00bfEs el oto\u00f1o la nueva primavera para plantar?","datePublished":"2026-09-05T13:04:37+00:00","dateModified":"2026-09-05T14:17:37+00:00","mainEntityOfPage":{"@id":"https:\/\/entresemillas.com\/blog\/es-el-otono-la-nueva-primavera-para-plantar\/"},"wordCount":1039,"commentCount":0,"publisher":{"@id":"https:\/\/entresemillas.com\/blog\/#organization"},"image":{"@id":"https:\/\/entresemillas.com\/blog\/es-el-otono-la-nueva-primavera-para-plantar\/#primaryimage"},"thumbnailUrl":"https:\/\/entresemillas.com\/blog\/wp-content\/uploads\/2026\/09\/otono-es-la-nueva-primavera-para-plantar.jpg","articleSection":["C\u00f3mo cultivar","Curiosidades","Jardiner\u00eda"],"inLanguage":"es","potentialAction":[{"@type":"CommentAction","name":"Comment","target":["https:\/\/entresemillas.com\/blog\/es-el-otono-la-nueva-primavera-para-plantar\/#respond"]}]},{"@type":"WebPage","@id":"https:\/\/entresemillas.com\/blog\/es-el-otono-la-nueva-primavera-para-plantar\/","url":"https:\/\/entresemillas.com\/blog\/es-el-otono-la-nueva-primavera-para-plantar\/","name":"\u00bfEs el oto\u00f1o la nueva primavera para plantar? | Blog EntreSemillas","isPartOf":{"@id":"https:\/\/entresemillas.com\/blog\/#website"},"primaryImageOfPage":{"@id":"https:\/\/entresemillas.com\/blog\/es-el-otono-la-nueva-primavera-para-plantar\/#primaryimage"},"image":{"@id":"https:\/\/entresemillas.com\/blog\/es-el-otono-la-nueva-primavera-para-plantar\/#primaryimage"},"thumbnailUrl":"https:\/\/entresemillas.com\/blog\/wp-content\/uploads\/2026\/09\/otono-es-la-nueva-primavera-para-plantar.jpg","datePublished":"2026-09-05T13:04:37+00:00","dateModified":"2026-09-05T14:17:37+00:00","breadcrumb":{"@id":"https:\/\/entresemillas.com\/blog\/es-el-otono-la-nueva-primavera-para-plantar\/#breadcrumb"},"inLanguage":"es","potentialAction":[{"@type":"ReadAction","target":["https:\/\/entresemillas.com\/blog\/es-el-otono-la-nueva-primavera-para-plantar\/"]}]},{"@type":"ImageObject","inLanguage":"es","@id":"https:\/\/entresemillas.com\/blog\/es-el-otono-la-nueva-primavera-para-plantar\/#primaryimage","url":"https:\/\/entresemillas.com\/blog\/wp-content\/uploads\/2026\/09\/otono-es-la-nueva-primavera-para-plantar.jpg","contentUrl":"https:\/\/entresemillas.com\/blog\/wp-content\/uploads\/2026\/09\/otono-es-la-nueva-primavera-para-plantar.jpg","width":1000,"height":1000,"caption":"oto\u00f1o es la nueva primavera para plantar"},{"@type":"BreadcrumbList","@id":"https:\/\/entresemillas.com\/blog\/es-el-otono-la-nueva-primavera-para-plantar\/#breadcrumb","itemListElement":[{"@type":"ListItem","position":1,"name":"Blog","item":"https:\/\/entresemillas.com\/blog\/"},{"@type":"ListItem","position":2,"name":"\u00bfEs el oto\u00f1o la nueva primavera para plantar?"}]},{"@type":"WebSite","@id":"https:\/\/entresemillas.com\/blog\/#website","url":"https:\/\/entresemillas.com\/blog\/","name":"Blog EntreSemillas","description":"Blog de plantas y semillas ex\u00f3ticas, tropicales, raras","publisher":{"@id":"https:\/\/entresemillas.com\/blog\/#organization"},"potentialAction":[{"@type":"SearchAction","target":{"@type":"EntryPoint","urlTemplate":"https:\/\/entresemillas.com\/blog\/?s={search_term_string}"},"query-input":{"@type":"PropertyValueSpecification","valueRequired":true,"valueName":"search_term_string"}}],"inLanguage":"es"},{"@type":"Organization","@id":"https:\/\/entresemillas.com\/blog\/#organization","name":"EntreSemillas","url":"https:\/\/entresemillas.com\/blog\/","logo":{"@type":"ImageObject","inLanguage":"es","@id":"https:\/\/entresemillas.com\/blog\/#\/schema\/logo\/image\/","url":"https:\/\/entresemillas.com\/blog\/wp-content\/uploads\/2026\/06\/logo-entresemillas.png","contentUrl":"https:\/\/entresemillas.com\/blog\/wp-content\/uploads\/2026\/06\/logo-entresemillas.png","width":261,"height":42,"caption":"EntreSemillas"},"image":{"@id":"https:\/\/entresemillas.com\/blog\/#\/schema\/logo\/image\/"},"sameAs":["https:\/\/www.facebook.com\/Entresemillas","https:\/\/www.instagram.com\/entresemillas\/","https:\/\/www.pinterest.es\/entresemillas\/","https:\/\/www.youtube.com\/@EntreSemillas"]},{"@type":"Person","@id":"https:\/\/entresemillas.com\/blog\/#\/schema\/person\/8fac769fe8889e61acd856b2001b46e5","name":"EntreSemillas","image":{"@type":"ImageObject","inLanguage":"es","@id":"https:\/\/secure.gravatar.com\/avatar\/387b356a912eff8497f8386dfbc876b41f0d4b6611ce2ee5c0fd18be9b6db6a4?s=96&d=mm&r=g","url":"https:\/\/secure.gravatar.com\/avatar\/387b356a912eff8497f8386dfbc876b41f0d4b6611ce2ee5c0fd18be9b6db6a4?s=96&d=mm&r=g","contentUrl":"https:\/\/secure.gravatar.com\/avatar\/387b356a912eff8497f8386dfbc876b41f0d4b6611ce2ee5c0fd18be9b6db6a4?s=96&d=mm&r=g","caption":"EntreSemillas"},"url":"https:\/\/entresemillas.com\/blog\/author\/carlos-palomo\/"}]}},"_links":{"self":[{"href":"https:\/\/entresemillas.com\/blog\/wp-json\/wp\/v2\/posts\/4574","targetHints":{"allow":["GET"]}}],"collection":[{"href":"https:\/\/entresemillas.com\/blog\/wp-json\/wp\/v2\/posts"}],"about":[{"href":"https:\/\/entresemillas.com\/blog\/wp-json\/wp\/v2\/types\/post"}],"author":[{"embeddable":true,"href":"https:\/\/entresemillas.com\/blog\/wp-json\/wp\/v2\/users\/1"}],"replies":[{"embeddable":true,"href":"https:\/\/entresemillas.com\/blog\/wp-json\/wp\/v2\/comments?post=4574"}],"version-history":[{"count":4,"href":"https:\/\/entresemillas.com\/blog\/wp-json\/wp\/v2\/posts\/4574\/revisions"}],"predecessor-version":[{"id":4582,"href":"https:\/\/entresemillas.com\/blog\/wp-json\/wp\/v2\/posts\/4574\/revisions\/4582"}],"wp:featuredmedia":[{"embeddable":true,"href":"https:\/\/entresemillas.com\/blog\/wp-json\/wp\/v2\/media\/4575"}],"wp:attachment":[{"href":"https:\/\/entresemillas.com\/blog\/wp-json\/wp\/v2\/media?parent=4574"}],"wp:term":[{"taxonomy":"category","embeddable":true,"href":"https:\/\/entresemillas.com\/blog\/wp-json\/wp\/v2\/categories?post=4574"},{"taxonomy":"post_tag","embeddable":true,"href":"https:\/\/entresemillas.com\/blog\/wp-json\/wp\/v2\/tags?post=4574"}],"curies":[{"name":"wp","href":"https:\/\/api.w.org\/{rel}","templated":true}]}}