{"id":589,"date":"2017-03-17T13:02:23","date_gmt":"2017-03-17T12:02:23","guid":{"rendered":"http:\/\/entresemillas.com\/blog\/?p=589"},"modified":"2020-05-25T11:30:46","modified_gmt":"2020-05-25T09:30:46","slug":"la-flor-electrica-una-experiencia-culinaria-unica-sabias-por-que","status":"publish","type":"post","link":"https:\/\/entresemillas.com\/blog\/la-flor-electrica-una-experiencia-culinaria-unica-sabias-por-que\/","title":{"rendered":"La flor el\u00e9ctrica, una experiencia culinaria \u00fanica, \u00bfsab\u00edas por qu\u00e9?"},"content":{"rendered":"\r\n<p>La <strong><a href=\"https:\/\/entresemillas.com\/blog\/flor-electrica\/\">flor el\u00e9ctrica<\/a><\/strong> o <em><strong>Acmella oleracea<\/strong><\/em> <strong>proveniente de Brasil y Per\u00fa<\/strong>. <strong>Tiene un uso cada vez m\u00e1s extendido por todo el mundo debido a sus peculiares propiedades.<\/strong><\/p>\r\n\r\n\r\n\r\n<!--more-->\r\n\r\n\r\n\r\n<p>Esta planta posee una sustancia <strong>anestesiante<\/strong> que al comerla produce sensaciones exclusivas. Por ello, ya forma parte del mundo de la<strong> alta cocina<\/strong>, en la que se suele usar una peque\u00f1a parte de las hojas que proporcionan una experiencia \u00fanica en las <strong>ensaladas y c\u00f3cteles<\/strong>.<\/p>\r\n\r\n\r\n<style>.wp-block-kadence-spacer.kt-block-spacer-_b0e34b-43 .kt-block-spacer{height:60px;}.wp-block-kadence-spacer.kt-block-spacer-_b0e34b-43 .kt-divider{border-top-width:1px;height:1px;border-top-color:#eee;width:80%;border-top-style:solid;}<\/style>\r\n<div class=\"wp-block-kadence-spacer aligncenter kt-block-spacer-_b0e34b-43\"><div class=\"kt-block-spacer kt-block-spacer-halign-center\" style=\"height:60px\"><hr class=\"kt-divider\" style=\"border-top-color:rgba(238, 238, 238, 1);border-top-width:1px;width:80%;border-top-style:solid\"\/><\/div><\/div>\r\n\r\n\r\n\r\n<div class=\"wp-block-image\"><figure class=\"aligncenter\"><a href=\"https:\/\/entresemillas.com\/blog\/wp-content\/uploads\/2017\/03\/Acmella_oleracea_002-e1489752044554.jpg\"><img loading=\"lazy\" decoding=\"async\" width=\"1024\" height=\"855\" src=\"https:\/\/entresemillas.com\/blog\/wp-content\/uploads\/2017\/03\/Acmella_oleracea_002-e1489752044554-1024x855.jpg\" alt=\"Acmella_oleracea\" class=\"wp-image-590\" srcset=\"https:\/\/entresemillas.com\/blog\/wp-content\/uploads\/2017\/03\/Acmella_oleracea_002-e1489752044554-1024x855.jpg 1024w, https:\/\/entresemillas.com\/blog\/wp-content\/uploads\/2017\/03\/Acmella_oleracea_002-e1489752044554-300x251.jpg 300w, https:\/\/entresemillas.com\/blog\/wp-content\/uploads\/2017\/03\/Acmella_oleracea_002-e1489752044554-768x641.jpg 768w, https:\/\/entresemillas.com\/blog\/wp-content\/uploads\/2017\/03\/Acmella_oleracea_002-e1489752044554.jpg 1176w\" sizes=\"auto, (max-width: 1024px) 100vw, 1024px\" \/><\/a><\/figure><\/div>\r\n\r\n\r\n\r\n<p>Muchos de los que se han atrevido a probarla refieren una sensaci\u00f3n analg\u00e9sica en la boca y en la lengua. No es de extra\u00f1ar, por tanto, que esta planta se haya usado en la <strong>medicina <\/strong>popular de sus pa\u00edses de origen (efectos anestesiantes y analg\u00e9sico)s. Se suele usar, sobretodo, para el tratamiento de enfermedades de la boca y la garganta.<\/p>\r\n\r\n\r\n<style>.wp-block-kadence-advancedheading.kt-adv-heading_f43346-67, .wp-block-kadence-advancedheading.kt-adv-heading_f43346-67[data-kb-block=\"kb-adv-heading_f43346-67\"]{font-style:normal;}.wp-block-kadence-advancedheading.kt-adv-heading_f43346-67 mark.kt-highlight, .wp-block-kadence-advancedheading.kt-adv-heading_f43346-67[data-kb-block=\"kb-adv-heading_f43346-67\"] mark.kt-highlight{font-style:normal;color:#f76a0c;-webkit-box-decoration-break:clone;box-decoration-break:clone;padding-top:0px;padding-right:0px;padding-bottom:0px;padding-left:0px;}.wp-block-kadence-advancedheading.kt-adv-heading_f43346-67 img.kb-inline-image, .wp-block-kadence-advancedheading.kt-adv-heading_f43346-67[data-kb-block=\"kb-adv-heading_f43346-67\"] img.kb-inline-image{width:150px;vertical-align:baseline;}<\/style>\r\n<h3 id=\"kt-adv-heading_f43346-67\" class=\"kt-adv-heading_f43346-67 wp-block-kadence-advancedheading\">Cuidados de la Flor el\u00e9ctrica<\/h3>\r\n\r\n\r\n\r\n<p>La Acmella oleracea o flor el\u00e9ctrica, se desarrolla en <strong>climas c\u00e1lidos y h\u00famedos<\/strong>, por lo que el sustrato siempre debe estar humedecido. En estas condiciones descritas, tolera el sol directo y la semisombra. Para la siembra, recuerda hacerlo a inicios de verano, sin enterrar las semillas y manteniendo una temperatura de entre 20 y 24\u00b0C.<\/p>\r\n\r\n\r\n<style>.wp-block-kadence-advancedheading.kt-adv-heading_aa957e-35, .wp-block-kadence-advancedheading.kt-adv-heading_aa957e-35[data-kb-block=\"kb-adv-heading_aa957e-35\"]{font-style:normal;}.wp-block-kadence-advancedheading.kt-adv-heading_aa957e-35 mark.kt-highlight, .wp-block-kadence-advancedheading.kt-adv-heading_aa957e-35[data-kb-block=\"kb-adv-heading_aa957e-35\"] mark.kt-highlight{font-style:normal;color:#f76a0c;-webkit-box-decoration-break:clone;box-decoration-break:clone;padding-top:0px;padding-right:0px;padding-bottom:0px;padding-left:0px;}.wp-block-kadence-advancedheading.kt-adv-heading_aa957e-35 img.kb-inline-image, .wp-block-kadence-advancedheading.kt-adv-heading_aa957e-35[data-kb-block=\"kb-adv-heading_aa957e-35\"] img.kb-inline-image{width:150px;vertical-align:baseline;}<\/style>\r\n<h3 id=\"kt-adv-heading_aa957e-35\" class=\"kt-adv-heading_aa957e-35 wp-block-kadence-advancedheading\">Variedades en la tienda<\/h3>\r\n\r\n\r\n\r\n<ul class=\"wp-block-list\"><li>Acmella Oleracea: planta o semillas.<\/li><\/ul>\r\n\r\n\r\n\r\n<ul class=\"wp-block-list\"><li>Acmella Oleracea Roja: planta o semillas.<\/li><\/ul>\r\n\r\n\r\n\n<div class=\"wp-block-group\"><div class=\"wp-block-group__inner-container is-layout-flow wp-block-group-is-layout-flow\">\n<hr class=\"wp-block-separator\"\/>\n\n\n\n<div style=\"text-align:center\" class=\"wp-block-genesis-blocks-gb-cta gb-block-cta\"><div class=\"gb-cta-image-wrap\"><img decoding=\"async\" class=\"gb-cta-image has-background-dim\" src=\"https:\/\/entresemillas.com\/blog\/wp-content\/uploads\/2020\/05\/sliderFondo.jpg\" alt=\"\"\/><\/div><div class=\"gb-cta-content\"><h2 class=\"gb-cta-title gb-font-size-32\" style=\"color:#32373c\">Descubre nuestras semillas<\/h2><div class=\"gb-cta-text gb-font-size-32\" style=\"color:#32373c\"><p>Las m\u00e1s f\u00e1ciles de sembrar<\/p><\/div><\/div><div class=\"gb-cta-button\"><a href=\"https:\/\/entresemillas.com\/content\/6-semillas-que-quieres-descubrir\" target=\"_self\" rel=\"noopener noreferrer\" class=\"gb-button gb-button-shape-rounded gb-button-size-medium\" style=\"color:#ffffff;background-color:#81c14b\">Ir a la tienda<\/a><\/div><\/div>\n\n\n\n<hr class=\"wp-block-separator\"\/>\n<\/div><\/div>\n\r\n\r\n\n<div class=\"wp-block-group is-layout-flow wp-block-group-is-layout-flow\"><style>.wp-block-kadence-advancedheading.kt-adv-heading_1ee4eb-5a, .wp-block-kadence-advancedheading.kt-adv-heading_1ee4eb-5a[data-kb-block=\"kb-adv-heading_1ee4eb-5a\"]{text-align:center;font-size:32px;font-weight:bold;font-style:normal;}.wp-block-kadence-advancedheading.kt-adv-heading_1ee4eb-5a mark.kt-highlight, .wp-block-kadence-advancedheading.kt-adv-heading_1ee4eb-5a[data-kb-block=\"kb-adv-heading_1ee4eb-5a\"] mark.kt-highlight{font-weight:normal;font-style:normal;color:#f76a0c;-webkit-box-decoration-break:clone;box-decoration-break:clone;padding-top:0px;padding-right:0px;padding-bottom:0px;padding-left:0px;}.wp-block-kadence-advancedheading.kt-adv-heading_1ee4eb-5a img.kb-inline-image, .wp-block-kadence-advancedheading.kt-adv-heading_1ee4eb-5a[data-kb-block=\"kb-adv-heading_1ee4eb-5a\"] img.kb-inline-image{width:150px;vertical-align:baseline;}<\/style>\n<h2 class=\"kt-adv-heading_1ee4eb-5a wp-block-kadence-advancedheading has-vivid-red-color has-text-color\" data-kb-block=\"kb-adv-heading_1ee4eb-5a\"><strong>\u00daltimos art\u00edculos<\/strong><\/h2>\n\n\n<\/div>\n","protected":false},"excerpt":{"rendered":"<p>Proveniente de Brasil y Per\u00fa, su uso cada vez est\u00e1 m\u00e1s extendido por todo el mundo debido a sus peculiares propiedades.<\/p>\n","protected":false},"author":1,"featured_media":322,"comment_status":"open","ping_status":"closed","sticky":false,"template":"","format":"standard","meta":{"site-sidebar-layout":"default","site-content-layout":"","ast-site-content-layout":"default","site-content-style":"default","site-sidebar-style":"default","ast-global-header-display":"","ast-banner-title-visibility":"","ast-main-header-display":"","ast-hfb-above-header-display":"","ast-hfb-below-header-display":"","ast-hfb-mobile-header-display":"","site-post-title":"","ast-breadcrumbs-content":"","ast-featured-img":"","footer-sml-layout":"","ast-disable-related-posts":"","theme-transparent-header-meta":"","adv-header-id-meta":"","stick-header-meta":"","header-above-stick-meta":"","header-main-stick-meta":"","header-below-stick-meta":"","astra-migrate-meta-layouts":"default","ast-page-background-enabled":"default","ast-page-background-meta":{"desktop":{"background-color":"var(--ast-global-color-5)","background-image":"","background-repeat":"repeat","background-position":"center center","background-size":"auto","background-attachment":"scroll","background-type":"","background-media":"","overlay-type":"","overlay-color":"","overlay-opacity":"","overlay-gradient":""},"tablet":{"background-color":"","background-image":"","background-repeat":"repeat","background-position":"center center","background-size":"auto","background-attachment":"scroll","background-type":"","background-media":"","overlay-type":"","overlay-color":"","overlay-opacity":"","overlay-gradient":""},"mobile":{"background-color":"","background-image":"","background-repeat":"repeat","background-position":"center center","background-size":"auto","background-attachment":"scroll","background-type":"","background-media":"","overlay-type":"","overlay-color":"","overlay-opacity":"","overlay-gradient":""}},"ast-content-background-meta":{"desktop":{"background-color":"var(--ast-global-color-4)","background-image":"","background-repeat":"repeat","background-position":"center center","background-size":"auto","background-attachment":"scroll","background-type":"","background-media":"","overlay-type":"","overlay-color":"","overlay-opacity":"","overlay-gradient":""},"tablet":{"background-color":"var(--ast-global-color-4)","background-image":"","background-repeat":"repeat","background-position":"center center","background-size":"auto","background-attachment":"scroll","background-type":"","background-media":"","overlay-type":"","overlay-color":"","overlay-opacity":"","overlay-gradient":""},"mobile":{"background-color":"var(--ast-global-color-4)","background-image":"","background-repeat":"repeat","background-position":"center center","background-size":"auto","background-attachment":"scroll","background-type":"","background-media":"","overlay-type":"","overlay-color":"","overlay-opacity":"","overlay-gradient":""}},"footnotes":""},"categories":[21,20],"tags":[217,218,219],"class_list":["post-589","post","type-post","status-publish","format-standard","has-post-thumbnail","hentry","category-curiosidades","category-jardineria","tag-acmella-oleracea","tag-flor-electrica","tag-flores-sudamericanas"],"_links":{"self":[{"href":"https:\/\/entresemillas.com\/blog\/wp-json\/wp\/v2\/posts\/589","targetHints":{"allow":["GET"]}}],"collection":[{"href":"https:\/\/entresemillas.com\/blog\/wp-json\/wp\/v2\/posts"}],"about":[{"href":"https:\/\/entresemillas.com\/blog\/wp-json\/wp\/v2\/types\/post"}],"author":[{"embeddable":true,"href":"https:\/\/entresemillas.com\/blog\/wp-json\/wp\/v2\/users\/1"}],"replies":[{"embeddable":true,"href":"https:\/\/entresemillas.com\/blog\/wp-json\/wp\/v2\/comments?post=589"}],"version-history":[{"count":9,"href":"https:\/\/entresemillas.com\/blog\/wp-json\/wp\/v2\/posts\/589\/revisions"}],"predecessor-version":[{"id":1845,"href":"https:\/\/entresemillas.com\/blog\/wp-json\/wp\/v2\/posts\/589\/revisions\/1845"}],"wp:featuredmedia":[{"embeddable":true,"href":"https:\/\/entresemillas.com\/blog\/wp-json\/wp\/v2\/media\/322"}],"wp:attachment":[{"href":"https:\/\/entresemillas.com\/blog\/wp-json\/wp\/v2\/media?parent=589"}],"wp:term":[{"taxonomy":"category","embeddable":true,"href":"https:\/\/entresemillas.com\/blog\/wp-json\/wp\/v2\/categories?post=589"},{"taxonomy":"post_tag","embeddable":true,"href":"https:\/\/entresemillas.com\/blog\/wp-json\/wp\/v2\/tags?post=589"}],"curies":[{"name":"wp","href":"https:\/\/api.w.org\/{rel}","templated":true}]}}