{"id":91,"date":"2012-06-28T16:11:53","date_gmt":"2012-06-28T14:11:53","guid":{"rendered":"http:\/\/entresemillas.com\/blog\/?p=91"},"modified":"2020-04-28T17:23:39","modified_gmt":"2020-04-28T15:23:39","slug":"entresemillas-en-la-vi-feria-de-cactus-y-otras-plantas-de-coleccion-en-benalmadena-malaga","status":"publish","type":"post","link":"https:\/\/entresemillas.com\/blog\/entresemillas-en-la-vi-feria-de-cactus-y-otras-plantas-de-coleccion-en-benalmadena-malaga\/","title":{"rendered":"Entresemillas en la VI Feria de Cactus y otras plantas de colecci\u00f3n, en Benalm\u00e1dena (M\u00e1laga)"},"content":{"rendered":"<p>Entresemillas estar\u00e1 en la VI Feria de Cactus y otras plantas de colecci\u00f3n, en Benalm\u00e1dena (M\u00e1laga) los d\u00edas <strong>6, 7 y 8 de Julio<\/strong>. Parque La Paloma.<\/p>\n<p>Puedes reservar tus semillas o plantas para la fecha y te las entregamos en mano.<br \/>\n<a href=\"https:\/\/entresemillas.com\/blog\/wp-content\/uploads\/2012\/06\/cartelcactus.jpg\"><img loading=\"lazy\" decoding=\"async\" class=\"alignright  wp-image-92\" title=\"cartelcactus\" src=\"https:\/\/entresemillas.com\/blog\/wp-content\/uploads\/2012\/06\/cartelcactus.jpg\" alt=\"\" width=\"291\" height=\"556\" srcset=\"https:\/\/entresemillas.com\/blog\/wp-content\/uploads\/2012\/06\/cartelcactus.jpg 416w, https:\/\/entresemillas.com\/blog\/wp-content\/uploads\/2012\/06\/cartelcactus-157x300.jpg 157w\" sizes=\"auto, (max-width: 291px) 100vw, 291px\" \/><\/a><\/p>\n<h2>VIERNES 6 JULIO<\/h2>\n<p><strong><em>19:00<\/em><\/strong>\u00a0Exposici\u00f3n y mercadillo de cactus y otras plantas de colecci\u00f3n<\/p>\n<h2>S\u00c1BADO 7 JULIO<\/h2>\n<p><strong><em>10:00<\/em><\/strong>\u00a0Inauguraci\u00f3n oficial.<\/p>\n<p><strong><em>10:00 &#8211; 22:00<\/em><\/strong>\u00a0Exposici\u00f3n y mercadillo de cactus y otras plantas de colecci\u00f3n (ininterrumpida).<\/p>\n<p><strong><em>12:00<\/em><\/strong>\u00a0Conferencia a cargo de D. Rafael Medina Bujalance (Doctor en Biolog\u00eda. Investigador en Sistem\u00e1tica Vegetal).<\/p>\n<p><strong><em>T\u00edtulo:<\/em>\u00a0Introducci\u00f3n al Reino Capense: Un ed\u00e9n bot\u00e1nico de clima Mediterr\u00e1neo en el sur de \u00c1frica<\/strong><\/p>\n<p><strong><em>Introducci\u00f3n:<\/em><\/strong><\/p>\n<p>En la regi\u00f3n sudafricana del Cabo de Buena Esperanza se combinan, por un lado, una flora muy singular, y por otro, las condiciones ambientales propias del clima mediterr\u00e1neo. El resultado es una diversidad bot\u00e1nica extraordinaria y \u00fanica en el mundo: en apenas un 0.5% de la superficie del continente africano, prospera m\u00e1s de un 20% de sus especies de plantas. Entre esta riqueza vegetal destacan familias como las eric\u00e1ceas o las prote\u00e1ceas, adem\u00e1s de una variedad sin igual de plantas suculentas.<\/p>\n<p><strong><em>14:00<\/em><\/strong>\u00a0Comida de hermandad entre los expositores y colaboradores<\/p>\n<h2>DOMINGO 8 JULIO<\/h2>\n<p><strong><em>9:00 \u2013 14:00<\/em><\/strong>\u00a0Exposici\u00f3n y mercadillo de cactus y otras plantas de colecci\u00f3n.<\/p>\n<p>&nbsp;<\/p>\n<p><span style=\"text-decoration: underline;\">Acceso gratuito.<\/span><\/p>\n<p>&nbsp;<\/p>\n","protected":false},"excerpt":{"rendered":"<p>Entresemillas estar\u00e1 en la VI Feria de Cactus y otras plantas de colecci\u00f3n, en Benalm\u00e1dena (M\u00e1laga) los d\u00edas 6, 7 [&hellip;]<\/p>\n","protected":false},"author":1,"featured_media":0,"comment_status":"open","ping_status":"closed","sticky":false,"template":"","format":"standard","meta":{"site-sidebar-layout":"default","site-content-layout":"","ast-site-content-layout":"default","site-content-style":"default","site-sidebar-style":"default","ast-global-header-display":"","ast-banner-title-visibility":"","ast-main-header-display":"","ast-hfb-above-header-display":"","ast-hfb-below-header-display":"","ast-hfb-mobile-header-display":"","site-post-title":"","ast-breadcrumbs-content":"","ast-featured-img":"","footer-sml-layout":"","ast-disable-related-posts":"","theme-transparent-header-meta":"","adv-header-id-meta":"","stick-header-meta":"","header-above-stick-meta":"","header-main-stick-meta":"","header-below-stick-meta":"","astra-migrate-meta-layouts":"default","ast-page-background-enabled":"default","ast-page-background-meta":{"desktop":{"background-color":"var(--ast-global-color-5)","background-image":"","background-repeat":"repeat","background-position":"center center","background-size":"auto","background-attachment":"scroll","background-type":"","background-media":"","overlay-type":"","overlay-color":"","overlay-opacity":"","overlay-gradient":""},"tablet":{"background-color":"","background-image":"","background-repeat":"repeat","background-position":"center center","background-size":"auto","background-attachment":"scroll","background-type":"","background-media":"","overlay-type":"","overlay-color":"","overlay-opacity":"","overlay-gradient":""},"mobile":{"background-color":"","background-image":"","background-repeat":"repeat","background-position":"center center","background-size":"auto","background-attachment":"scroll","background-type":"","background-media":"","overlay-type":"","overlay-color":"","overlay-opacity":"","overlay-gradient":""}},"ast-content-background-meta":{"desktop":{"background-color":"var(--ast-global-color-4)","background-image":"","background-repeat":"repeat","background-position":"center center","background-size":"auto","background-attachment":"scroll","background-type":"","background-media":"","overlay-type":"","overlay-color":"","overlay-opacity":"","overlay-gradient":""},"tablet":{"background-color":"var(--ast-global-color-4)","background-image":"","background-repeat":"repeat","background-position":"center center","background-size":"auto","background-attachment":"scroll","background-type":"","background-media":"","overlay-type":"","overlay-color":"","overlay-opacity":"","overlay-gradient":""},"mobile":{"background-color":"var(--ast-global-color-4)","background-image":"","background-repeat":"repeat","background-position":"center center","background-size":"auto","background-attachment":"scroll","background-type":"","background-media":"","overlay-type":"","overlay-color":"","overlay-opacity":"","overlay-gradient":""}},"footnotes":""},"categories":[62,1],"tags":[123,124,125],"class_list":["post-91","post","type-post","status-publish","format-standard","hentry","category-noticias-eventos","category-uncategorized","tag-feria-de-cactus","tag-feria-del-cactus","tag-vi-feria-del-cactus"],"_links":{"self":[{"href":"https:\/\/entresemillas.com\/blog\/wp-json\/wp\/v2\/posts\/91","targetHints":{"allow":["GET"]}}],"collection":[{"href":"https:\/\/entresemillas.com\/blog\/wp-json\/wp\/v2\/posts"}],"about":[{"href":"https:\/\/entresemillas.com\/blog\/wp-json\/wp\/v2\/types\/post"}],"author":[{"embeddable":true,"href":"https:\/\/entresemillas.com\/blog\/wp-json\/wp\/v2\/users\/1"}],"replies":[{"embeddable":true,"href":"https:\/\/entresemillas.com\/blog\/wp-json\/wp\/v2\/comments?post=91"}],"version-history":[{"count":4,"href":"https:\/\/entresemillas.com\/blog\/wp-json\/wp\/v2\/posts\/91\/revisions"}],"predecessor-version":[{"id":1081,"href":"https:\/\/entresemillas.com\/blog\/wp-json\/wp\/v2\/posts\/91\/revisions\/1081"}],"wp:attachment":[{"href":"https:\/\/entresemillas.com\/blog\/wp-json\/wp\/v2\/media?parent=91"}],"wp:term":[{"taxonomy":"category","embeddable":true,"href":"https:\/\/entresemillas.com\/blog\/wp-json\/wp\/v2\/categories?post=91"},{"taxonomy":"post_tag","embeddable":true,"href":"https:\/\/entresemillas.com\/blog\/wp-json\/wp\/v2\/tags?post=91"}],"curies":[{"name":"wp","href":"https:\/\/api.w.org\/{rel}","templated":true}]}}